{"id":877,"date":"2020-12-30T07:27:42","date_gmt":"2020-12-30T06:27:42","guid":{"rendered":"https:\/\/www.compagniaditurismoecultura.it\/blog\/?p=877"},"modified":"2021-07-07T10:42:41","modified_gmt":"2021-07-07T08:42:41","slug":"padre-serafino","status":"publish","type":"post","link":"https:\/\/www.compagniaditurismoecultura.it\/blog\/padre-serafino\/","title":{"rendered":"Padre Serafino"},"content":{"rendered":"<p>[et_pb_section fb_built=&#8221;1&#8243; admin_label=&#8221;Tour CTA &#038; Information Section&#8221; _builder_version=&#8221;3.22&#8243; custom_padding=&#8221;4px|0px|2px|0px|false|false&#8221;][et_pb_row column_structure=&#8221;1_2,1_2&#8243; admin_label=&#8221;Tour CTA &#038; Information Row&#8221; _builder_version=&#8221;3.25&#8243; custom_padding=&#8221;||3px|||&#8221;][et_pb_column type=&#8221;1_2&#8243; _builder_version=&#8221;3.25&#8243; custom_padding=&#8221;|||&#8221; custom_padding__hover=&#8221;|||&#8221;][et_pb_cta title=&#8221;Personaggi unici a 4.000 metri&#8221; button_url=&#8221;#TOP&#8221; _builder_version=&#8221;4.7.7&#8243; header_level=&#8221;h1&#8243; header_font=&#8221;Noto Serif|700|||||||&#8221; header_font_size=&#8221;44px&#8221; header_line_height=&#8221;1.5em&#8221; body_font=&#8221;Noto Sans||||||||&#8221; body_text_align=&#8221;right&#8221; body_font_size=&#8221;17px&#8221; body_line_height=&#8221;2em&#8221; use_background_color=&#8221;off&#8221; custom_button=&#8221;on&#8221; button_text_size=&#8221;17px&#8221; button_text_color=&#8221;#ffffff&#8221; button_bg_color=&#8221;#ff6b5a&#8221; button_border_width=&#8221;10px&#8221; button_border_color=&#8221;#ff6b5a&#8221; button_border_radius=&#8221;100px&#8221; button_font=&#8221;Noto Sans|700||on|||||&#8221; button_use_icon=&#8221;off&#8221; button_alignment=&#8221;right&#8221; text_orientation=&#8221;right&#8221; background_layout=&#8221;light&#8221; max_width=&#8221;480px&#8221; max_width_tablet=&#8221;&#8221; max_width_phone=&#8221;&#8221; max_width_last_edited=&#8221;on|tablet&#8221; module_alignment=&#8221;left&#8221; header_font_size_tablet=&#8221;&#8221; header_font_size_phone=&#8221;34px&#8221; header_font_size_last_edited=&#8221;on|phone&#8221; button_text_color_hover=&#8221;#ffffff&#8221; button_border_color_hover=&#8221;#ff9e59&#8243; button_bg_color_hover=&#8221;#ff9e59&#8243; button_text_size__hover_enabled=&#8221;off&#8221; button_one_text_size__hover_enabled=&#8221;off&#8221; button_two_text_size__hover_enabled=&#8221;off&#8221; button_text_color__hover_enabled=&#8221;on&#8221; button_text_color__hover=&#8221;#ffffff&#8221; button_one_text_color__hover_enabled=&#8221;off&#8221; button_two_text_color__hover_enabled=&#8221;off&#8221; button_border_width__hover_enabled=&#8221;off&#8221; button_one_border_width__hover_enabled=&#8221;off&#8221; button_two_border_width__hover_enabled=&#8221;off&#8221; button_border_color__hover_enabled=&#8221;on&#8221; button_border_color__hover=&#8221;#ff9e59&#8243; button_one_border_color__hover_enabled=&#8221;off&#8221; button_two_border_color__hover_enabled=&#8221;off&#8221; button_border_radius__hover_enabled=&#8221;off&#8221; button_one_border_radius__hover_enabled=&#8221;off&#8221; button_two_border_radius__hover_enabled=&#8221;off&#8221; button_letter_spacing__hover_enabled=&#8221;off&#8221; button_one_letter_spacing__hover_enabled=&#8221;off&#8221; button_two_letter_spacing__hover_enabled=&#8221;off&#8221; button_bg_color__hover_enabled=&#8221;on&#8221; button_bg_color__hover=&#8221;#ff9e59&#8243; button_one_bg_color__hover_enabled=&#8221;off&#8221; button_two_bg_color__hover_enabled=&#8221;off&#8221;][\/et_pb_cta][\/et_pb_column][et_pb_column type=&#8221;1_2&#8243; _builder_version=&#8221;3.25&#8243; custom_padding=&#8221;|||&#8221; custom_padding__hover=&#8221;|||&#8221;][et_pb_post_title title=&#8221;off&#8221; date_format=&#8221;d M Y&#8221; featured_image=&#8221;off&#8221; _builder_version=&#8221;4.9.7&#8243; _module_preset=&#8221;default&#8221;][\/et_pb_post_title][\/et_pb_column][\/et_pb_row][\/et_pb_section][et_pb_section fb_built=&#8221;1&#8243; fullwidth=&#8221;on&#8221; _builder_version=&#8221;4.6.6&#8243; _module_preset=&#8221;default&#8221;][et_pb_fullwidth_image src=&#8221;https:\/\/www.compagniaditurismoecultura.it\/blog\/wp-content\/uploads\/2020\/12\/Padre-Serafino.jpg&#8221; alt=&#8221;Padre Serafino&#8221; title_text=&#8221;Padre Serafino&#8221; _builder_version=&#8221;4.7.7&#8243; _module_preset=&#8221;default&#8221;][\/et_pb_fullwidth_image][\/et_pb_section][et_pb_section fb_built=&#8221;1&#8243; admin_label=&#8221;Useful Travel Trips&#8221; _builder_version=&#8221;3.22&#8243; custom_padding=&#8221;0px|0px|0px|0px|true|false&#8221;][et_pb_row _builder_version=&#8221;3.25&#8243; custom_padding=&#8221;1px|||||&#8221;][et_pb_column type=&#8221;4_4&#8243; _builder_version=&#8221;3.25&#8243; custom_padding=&#8221;|||&#8221; custom_padding__hover=&#8221;|||&#8221;][et_pb_text _builder_version=&#8221;4.7.7&#8243; text_font=&#8221;Noto Sans||on||||||&#8221; text_font_size=&#8221;17px&#8221; text_line_height=&#8221;2em&#8221; header_font=&#8221;||||||||&#8221; header_3_font=&#8221;|800|||||||&#8221; max_width=&#8221;800px&#8221; max_width_tablet=&#8221;&#8221; max_width_phone=&#8221;&#8221; max_width_last_edited=&#8221;on|phone&#8221; module_alignment=&#8221;center&#8221; custom_padding=&#8221;50px||0px|||&#8221;]<\/p>\n<h3>Pillole di viaggio.<\/h3>\n<p>Inizio la mia serie di \u201cpillole di <a href=\"https:\/\/compagniaditurismoecultura.it\/viaggi-organizzati\/\" target=\"_blank\" rel=\"noopener noreferrer\" title=\"viaggio\">viaggio<\/a>\u201d non con un luogo ma con una persona, che vive e lavora in una comunit\u00e0 Andina di nome Kami, a circa 3.800 metri di altezza nelle montagne Boliviane.<br \/> Kami \u00e8 uno dei tanti villaggi Andini decisamente isolati dalla modernit\u00e0 come la intendiamo noi, a circa 5\/6 ore di strada sconnessa e con lunghi tratti esposti nel vuoto dall\u2019aeroporto pi\u00f9 vicino, in cui la lingua spagnola \u00e8 meno parlata delle lingue preincaiche Quechua e Aymara, dove la vita \u00e8 molto dura e le comodit\u00e0 cui noi siamo abituati semplicemente non esistono.<\/p>\n<h3>Padre Serafino.<\/h3>\n<p>Io parlo di Padre Serafino, che \u00e8 un prete, ma in realt\u00e0 di mestiere fa l\u2019architetto, l\u2019ingegnere, il maestro, l\u2019educatore, il costruttore, l\u2019allevatore, il motivatore, e, quando gli avanza tempo, appunto il prete.<br \/> Di lui ho tantissimi ricordi, uno piuttosto simpatico quando una domenica mi chiede se ho voglia di accompagnarlo a dire messa in una delle varie comunit\u00e0 Aymara della zona, a oltre 4.200 metri. Mi dice, prendi le foglie di coca, saranno almeno tre ore di curve e salti.<br \/> Si tratta di una comunit\u00e0 raggiungibile solo con una strada particolarmente ostica e pericolosa che in estate, durante il periodo delle piogge, diventa inutilizzabile, cosi gli abitanti rimangono isolati per parecchi mesi.<\/p>\n<h3>Oddio, cosa succede?<\/h3>\n<p>Quando arriviamo alla chiesa ci dividiamo e io prendo posto in ultima fila. Mi accorgo che mi stanno guardando tutti, i ragazzini sorridono, mi guardano incuriositi, non smettono di girarsi verso di me. Gli adulti mi guardano con sospetto, qualcuno quasi con aria contrariata.<br \/> Un signore si alza e viene verso di me. Tutti lo seguono con lo sguardo, quando si avvicina, tutti gli occhi degli occupanti della chiesa sono su di me. Penso, oddio che succede adesso? Ma il signore, con aria gentile mi porge la mano, afferra la mia e mi fa cenno di sedermi dal lato opposto. A quel punto realizzo, ero seduto dalla parte sbagliata, in queste comunit\u00e0 vige ancora il sistema che avevamo noi forse un secolo fa, ossia uomini da una parte, donne dall\u2019altra.<\/p>\n<h3>Bienvenido padre.<\/h3>\n<p>Quando mi accomodo dalla parte giusta noto che tutti mi osservano ma ora sono tutti pi\u00f9 sorridenti, prima erano incuriositi ma frastornati, ora sono sempre incuriositi ma finalmente provano sollievo.<br \/> Nei minuti precedenti all\u2019inizio della messa a decine si avvicinano a me dicendomi tutti: bienvenido padre.<br \/> Don Serafino mi dir\u00e0 dopo che in quella comunit\u00e0, esclusi i Salesiani della missione, non hanno mai visto nessuno con tratti occidentali e pelle chiara, tutti hanno quindi pensato fossi un prete appena trasferito, e quindi mi davano il loro benvenuto.<br \/> Dicevamo di Padre Serafino, allego un paio di video, sono decisamente datati, ma rendono l\u2019idea. A proposito il maglione di pelo di lama che indossa Serafino ce l\u2019ho anche io. Puzza terribilmente ma l\u2019ho portata con me nell\u2019ultimo viaggio invernale in <a href=\"https:\/\/compagniaditurismoecultura.it\/tour-viaggio-organizzato-islanda\/\" target=\"_blank\" rel=\"noopener noreferrer\" title=\"Islanda\">Islanda<\/a>, una bomba, altro che tessuti tecnici\u2026.<\/p>\n<p>Chi \u00e8 Padre Serafino\u00a0\u00a0\u00a0\u00a0 \u00a0<span><a href=\"https:\/\/www.youtube.com\/watch?v=o9vhIHdZy4M\">https:\/\/www.youtube.com\/watch?v=o9vhIHdZy4M<\/a><\/span><\/p>\n<p>Visione e attivit\u00e0 \u00a0\u00a0\u00a0\u00a0\u00a0\u00a0\u00a0\u00a0\u00a0\u00a0\u00a0<span><a href=\"https:\/\/vimeo.com\/34290857\">https:\/\/vimeo.com\/34290857<\/a><\/span><\/p>\n<p>[\/et_pb_text][\/et_pb_column][\/et_pb_row][\/et_pb_section]<\/p>\n","protected":false},"excerpt":{"rendered":"<p>Pillole di viaggio. Inizio la mia serie di \u201cpillole di viaggio\u201d non con un luogo ma con una persona, che vive e lavora in una comunit\u00e0 Andina di nome Kami, a circa 3.800 metri di altezza nelle montagne Boliviane. Kami \u00e8 uno dei tanti villaggi Andini decisamente isolati dalla modernit\u00e0 come la intendiamo noi, a [&hellip;]<\/p>\n","protected":false},"author":4,"featured_media":893,"comment_status":"open","ping_status":"open","sticky":false,"template":"","format":"standard","meta":{"_et_pb_use_builder":"on","_et_pb_old_content":"","_et_gb_content_width":"1080"},"categories":[6],"tags":[],"_links":{"self":[{"href":"https:\/\/www.compagniaditurismoecultura.it\/blog\/wp-json\/wp\/v2\/posts\/877"}],"collection":[{"href":"https:\/\/www.compagniaditurismoecultura.it\/blog\/wp-json\/wp\/v2\/posts"}],"about":[{"href":"https:\/\/www.compagniaditurismoecultura.it\/blog\/wp-json\/wp\/v2\/types\/post"}],"author":[{"embeddable":true,"href":"https:\/\/www.compagniaditurismoecultura.it\/blog\/wp-json\/wp\/v2\/users\/4"}],"replies":[{"embeddable":true,"href":"https:\/\/www.compagniaditurismoecultura.it\/blog\/wp-json\/wp\/v2\/comments?post=877"}],"version-history":[{"count":13,"href":"https:\/\/www.compagniaditurismoecultura.it\/blog\/wp-json\/wp\/v2\/posts\/877\/revisions"}],"predecessor-version":[{"id":2277,"href":"https:\/\/www.compagniaditurismoecultura.it\/blog\/wp-json\/wp\/v2\/posts\/877\/revisions\/2277"}],"wp:featuredmedia":[{"embeddable":true,"href":"https:\/\/www.compagniaditurismoecultura.it\/blog\/wp-json\/wp\/v2\/media\/893"}],"wp:attachment":[{"href":"https:\/\/www.compagniaditurismoecultura.it\/blog\/wp-json\/wp\/v2\/media?parent=877"}],"wp:term":[{"taxonomy":"category","embeddable":true,"href":"https:\/\/www.compagniaditurismoecultura.it\/blog\/wp-json\/wp\/v2\/categories?post=877"},{"taxonomy":"post_tag","embeddable":true,"href":"https:\/\/www.compagniaditurismoecultura.it\/blog\/wp-json\/wp\/v2\/tags?post=877"}],"curies":[{"name":"wp","href":"https:\/\/api.w.org\/{rel}","templated":true}]}}