{"id":377,"date":"2020-11-18T10:05:11","date_gmt":"2020-11-18T10:05:11","guid":{"rendered":"https:\/\/www.compagniaditurismoecultura.it\/blog\/?p=377"},"modified":"2020-11-18T10:28:16","modified_gmt":"2020-11-18T10:28:16","slug":"viaggio-a-marrakech","status":"publish","type":"post","link":"https:\/\/www.compagniaditurismoecultura.it\/blog\/viaggio-a-marrakech\/","title":{"rendered":"Marrakech"},"content":{"rendered":"\n\n[et_pb_section fb_built=&#8221;1&#8243; admin_label=&#8221;Tour CTA &#038; Information Section&#8221; _builder_version=&#8221;3.22&#8243; custom_padding=&#8221;4px|0px|2px|0px|false|false&#8221;][et_pb_row column_structure=&#8221;3_5,2_5&#8243; admin_label=&#8221;Tour CTA &#038; Information Row&#8221; _builder_version=&#8221;3.25&#8243; custom_padding=&#8221;||3px|||&#8221;][et_pb_column type=&#8221;3_5&#8243; _builder_version=&#8221;3.25&#8243; custom_padding=&#8221;|||&#8221; custom_padding__hover=&#8221;|||&#8221;][et_pb_cta title=&#8221;Marrakech&#8221; button_url=&#8221;#TOP&#8221; _builder_version=&#8221;4.7.1&#8243; header_level=&#8221;h1&#8243; header_font=&#8221;Noto Serif|700|||||||&#8221; header_font_size=&#8221;44px&#8221; header_line_height=&#8221;1.5em&#8221; body_font=&#8221;Noto Sans||||||||&#8221; body_text_align=&#8221;right&#8221; body_font_size=&#8221;17px&#8221; body_line_height=&#8221;2em&#8221; use_background_color=&#8221;off&#8221; custom_button=&#8221;on&#8221; button_text_size=&#8221;17px&#8221; button_text_color=&#8221;#ffffff&#8221; button_bg_color=&#8221;#ff6b5a&#8221; button_border_width=&#8221;10px&#8221; button_border_color=&#8221;#ff6b5a&#8221; button_border_radius=&#8221;100px&#8221; button_font=&#8221;Noto Sans|700||on|||||&#8221; button_use_icon=&#8221;off&#8221; button_alignment=&#8221;right&#8221; text_orientation=&#8221;right&#8221; background_layout=&#8221;light&#8221; max_width=&#8221;480px&#8221; max_width_tablet=&#8221;&#8221; max_width_phone=&#8221;&#8221; max_width_last_edited=&#8221;on|tablet&#8221; module_alignment=&#8221;left&#8221; header_font_size_tablet=&#8221;&#8221; header_font_size_phone=&#8221;34px&#8221; header_font_size_last_edited=&#8221;on|phone&#8221; button_text_color_hover=&#8221;#ffffff&#8221; button_border_color_hover=&#8221;#ff9e59&#8243; button_bg_color_hover=&#8221;#ff9e59&#8243; button_text_size__hover_enabled=&#8221;off&#8221; button_one_text_size__hover_enabled=&#8221;off&#8221; button_two_text_size__hover_enabled=&#8221;off&#8221; button_text_color__hover_enabled=&#8221;on&#8221; button_text_color__hover=&#8221;#ffffff&#8221; button_one_text_color__hover_enabled=&#8221;off&#8221; button_two_text_color__hover_enabled=&#8221;off&#8221; button_border_width__hover_enabled=&#8221;off&#8221; button_one_border_width__hover_enabled=&#8221;off&#8221; button_two_border_width__hover_enabled=&#8221;off&#8221; button_border_color__hover_enabled=&#8221;on&#8221; button_border_color__hover=&#8221;#ff9e59&#8243; button_one_border_color__hover_enabled=&#8221;off&#8221; button_two_border_color__hover_enabled=&#8221;off&#8221; button_border_radius__hover_enabled=&#8221;off&#8221; button_one_border_radius__hover_enabled=&#8221;off&#8221; button_two_border_radius__hover_enabled=&#8221;off&#8221; button_letter_spacing__hover_enabled=&#8221;off&#8221; button_one_letter_spacing__hover_enabled=&#8221;off&#8221; button_two_letter_spacing__hover_enabled=&#8221;off&#8221; button_bg_color__hover_enabled=&#8221;on&#8221; button_bg_color__hover=&#8221;#ff9e59&#8243; button_one_bg_color__hover_enabled=&#8221;off&#8221; button_two_bg_color__hover_enabled=&#8221;off&#8221;][\/et_pb_cta][\/et_pb_column][et_pb_column type=&#8221;2_5&#8243; _builder_version=&#8221;3.25&#8243; custom_padding=&#8221;|||&#8221; custom_padding__hover=&#8221;|||&#8221;][et_pb_post_title title=&#8221;off&#8221; date_format=&#8221;d M Y&#8221; _builder_version=&#8221;4.6.6&#8243; _module_preset=&#8221;default&#8221;][\/et_pb_post_title][et_pb_text _builder_version=&#8221;4.6.6&#8243; _module_preset=&#8221;default&#8221;][\/et_pb_text][\/et_pb_column][\/et_pb_row][\/et_pb_section][et_pb_section fb_built=&#8221;1&#8243; fullwidth=&#8221;on&#8221; _builder_version=&#8221;4.6.6&#8243; _module_preset=&#8221;default&#8221;][et_pb_fullwidth_image src=&#8221;https:\/\/www.compagniaditurismoecultura.it\/blog\/wp-content\/uploads\/2020\/11\/tuareg-marocco.jpg&#8221; alt=&#8221;tuareg marocco&#8221; title_text=&#8221;tuareg marocco&#8221; _builder_version=&#8221;4.7.1&#8243; _module_preset=&#8221;default&#8221; hover_enabled=&#8221;0&#8243; sticky_enabled=&#8221;0&#8243;][\/et_pb_fullwidth_image][\/et_pb_section][et_pb_section fb_built=&#8221;1&#8243; admin_label=&#8221;Useful Travel Trips&#8221; _builder_version=&#8221;3.22&#8243; custom_padding=&#8221;0px|0px|0px|0px|true|false&#8221;][et_pb_row _builder_version=&#8221;3.25&#8243; custom_padding=&#8221;1px|||||&#8221;][et_pb_column type=&#8221;4_4&#8243; _builder_version=&#8221;3.25&#8243; custom_padding=&#8221;|||&#8221; custom_padding__hover=&#8221;|||&#8221;][et_pb_text _builder_version=&#8221;4.7.1&#8243; text_font=&#8221;Noto Sans||on||||||&#8221; text_font_size=&#8221;17px&#8221; text_line_height=&#8221;2em&#8221; header_font=&#8221;||||||||&#8221; header_3_font=&#8221;|800|||||||&#8221; max_width=&#8221;800px&#8221; max_width_tablet=&#8221;&#8221; max_width_phone=&#8221;&#8221; max_width_last_edited=&#8221;on|phone&#8221; module_alignment=&#8221;center&#8221; custom_padding=&#8221;50px||0px|||&#8221;]<h3>Credo la mia terra.<\/h3>\n<p>Credo ognuno di noi abbia un suo posto nel mondo. <br \/>E non parlo del luogo in cui il destino ha voluto noi nascessimo e vivessimo la nostra vita. <br \/>Alludo piuttosto a quella terra sulla quale, non appena approdi, ti pare di averla trascorsa tutta l\u00ec la tua vita. <br \/>Io sul mio posto ci sono atterrata in un caldissimo maggio. Tanto caldo da permettere quasi all\u2019asfalto di sciogliere le suole delle mie scarpe. Il mio posto l&#8217;ho trovato nel mio viaggio a Marrakech.<br \/>Il Marocco mi ha catapulta in una fiaba antica, immersa in piazze affollate e stracolme di mercanti, con la puzza delle concerie accostata al profumo delle spezie, la musica dei cantastorie ed il sapore del tajine, nomadi uomini del deserto avvolti in stoffe blu, anziane donne che lavorano la terra in sperdute kasbah innalzate a fango e paglia, muezzin che diffondono la preghiera dai minareti di Marrakech.<br \/>Mettere piede per la prima volta in Piazza Jemaa el Fna \u00e8 stato, lo so per certo, tra i momenti pi\u00f9 seri e significanti dei miei primi 20 anni su questa Terra. Ho per la prima volta affrontato l\u2019umanit\u00e0, quella pi\u00f9 schietta e disarmante. <br \/>Mai prima di allora tante immagini mi si erano materializzate davanti.<\/p>\n<h3>Il mio viaggio a Marrakech. E io ammutolita e innamorata.<\/h3>\n<p>Cammelli, scimmie alla catena in attesa di esibirsi, ceste abitate da serpenti incantati, carretti stracolmi di datteri e albicocche essiccate, tatuatrici di henn\u00e8 e guaritori fasulli, viuzze che si diramano in ordine sparso da ogni angolo della Piazza per ricongiungersi in un labirintico souk, pieno zeppo di botteghe e spezie. Il tutto riversato in una folla a flusso continuo sudata e chiassosa.<br \/>Io ammutolita. E innamorata.<br \/>Al calar del sole la Piazza si trasforma. E come per magia carretti, animali e cantastorie escono di scena per far posto al pi\u00f9 vasto ristorante all\u2019aperto del mondo arabo. Nuvole di fumo e aromi speziati si sollevano dalle griglie e avvolgono l\u2019intera Medina.<br \/>24 ore dopo scorgevo per la prima volta dune rosse a perdita d\u2019occhio, illuminate da un\u2019enorme palla incandescente quasi del tutto tramontata alle loro spalle. <br \/>Non so quando, ancora no.. ma torner\u00f2 da te. E sar\u00e0, lo so per certo, tra i momenti pi\u00f9 seri e significanti dei miei prossimi 100 anni su questa Terra.<\/p>\n<p>&nbsp;<\/p>[\/et_pb_text][\/et_pb_column][\/et_pb_row][\/et_pb_section]\n\n","protected":false},"excerpt":{"rendered":"<p>Credo la mia terra. Credo ognuno di noi abbia un suo posto nel mondo. E non parlo del luogo in cui il destino ha voluto noi nascessimo e vivessimo la nostra vita. Alludo piuttosto a quella terra sulla quale, non appena approdi, ti pare di averla trascorsa tutta l\u00ec la tua vita. Io sul mio [&hellip;]<\/p>\n","protected":false},"author":3,"featured_media":383,"comment_status":"open","ping_status":"open","sticky":false,"template":"","format":"standard","meta":{"_et_pb_use_builder":"on","_et_pb_old_content":"","_et_gb_content_width":""},"categories":[3],"tags":[],"_links":{"self":[{"href":"https:\/\/www.compagniaditurismoecultura.it\/blog\/wp-json\/wp\/v2\/posts\/377"}],"collection":[{"href":"https:\/\/www.compagniaditurismoecultura.it\/blog\/wp-json\/wp\/v2\/posts"}],"about":[{"href":"https:\/\/www.compagniaditurismoecultura.it\/blog\/wp-json\/wp\/v2\/types\/post"}],"author":[{"embeddable":true,"href":"https:\/\/www.compagniaditurismoecultura.it\/blog\/wp-json\/wp\/v2\/users\/3"}],"replies":[{"embeddable":true,"href":"https:\/\/www.compagniaditurismoecultura.it\/blog\/wp-json\/wp\/v2\/comments?post=377"}],"version-history":[{"count":7,"href":"https:\/\/www.compagniaditurismoecultura.it\/blog\/wp-json\/wp\/v2\/posts\/377\/revisions"}],"predecessor-version":[{"id":392,"href":"https:\/\/www.compagniaditurismoecultura.it\/blog\/wp-json\/wp\/v2\/posts\/377\/revisions\/392"}],"wp:featuredmedia":[{"embeddable":true,"href":"https:\/\/www.compagniaditurismoecultura.it\/blog\/wp-json\/wp\/v2\/media\/383"}],"wp:attachment":[{"href":"https:\/\/www.compagniaditurismoecultura.it\/blog\/wp-json\/wp\/v2\/media?parent=377"}],"wp:term":[{"taxonomy":"category","embeddable":true,"href":"https:\/\/www.compagniaditurismoecultura.it\/blog\/wp-json\/wp\/v2\/categories?post=377"},{"taxonomy":"post_tag","embeddable":true,"href":"https:\/\/www.compagniaditurismoecultura.it\/blog\/wp-json\/wp\/v2\/tags?post=377"}],"curies":[{"name":"wp","href":"https:\/\/api.w.org\/{rel}","templated":true}]}}