{"id":1899,"date":"2021-05-12T10:09:57","date_gmt":"2021-05-12T08:09:57","guid":{"rendered":"https:\/\/www.compagniaditurismoecultura.it\/blog\/?p=1899"},"modified":"2021-07-07T10:27:24","modified_gmt":"2021-07-07T08:27:24","slug":"sole-di-mezzanotte","status":"publish","type":"post","link":"https:\/\/www.compagniaditurismoecultura.it\/blog\/sole-di-mezzanotte\/","title":{"rendered":"Il sole di mezzanotte"},"content":{"rendered":"<p>[et_pb_section fb_built=&#8221;1&#8243; admin_label=&#8221;Tour CTA &#038; Information Section&#8221; _builder_version=&#8221;3.22&#8243; custom_padding=&#8221;4px|0px|2px|0px|false|false&#8221;][et_pb_row column_structure=&#8221;1_2,1_2&#8243; admin_label=&#8221;Tour CTA &#038; Information Row&#8221; _builder_version=&#8221;3.25&#8243; custom_padding=&#8221;||3px|||&#8221;][et_pb_column type=&#8221;1_2&#8243; _builder_version=&#8221;3.25&#8243; custom_padding=&#8221;|||&#8221; custom_padding__hover=&#8221;|||&#8221;][et_pb_cta title=&#8221;Il sole di mezzanotte&#8221; button_url=&#8221;#TOP&#8221; _builder_version=&#8221;4.9.4&#8243; header_level=&#8221;h1&#8243; header_font=&#8221;Noto Serif|700|||||||&#8221; header_font_size=&#8221;44px&#8221; header_line_height=&#8221;1.5em&#8221; body_font=&#8221;Noto Sans||||||||&#8221; body_text_align=&#8221;right&#8221; body_font_size=&#8221;17px&#8221; body_line_height=&#8221;2em&#8221; use_background_color=&#8221;off&#8221; custom_button=&#8221;on&#8221; button_text_size=&#8221;17px&#8221; button_text_color=&#8221;#ffffff&#8221; button_bg_color=&#8221;#ff6b5a&#8221; button_border_width=&#8221;10px&#8221; button_border_color=&#8221;#ff6b5a&#8221; button_border_radius=&#8221;100px&#8221; button_font=&#8221;Noto Sans|700||on|||||&#8221; button_use_icon=&#8221;off&#8221; button_alignment=&#8221;right&#8221; text_orientation=&#8221;right&#8221; background_layout=&#8221;light&#8221; max_width=&#8221;480px&#8221; max_width_tablet=&#8221;&#8221; max_width_phone=&#8221;&#8221; max_width_last_edited=&#8221;on|tablet&#8221; module_alignment=&#8221;left&#8221; header_font_size_tablet=&#8221;&#8221; header_font_size_phone=&#8221;34px&#8221; header_font_size_last_edited=&#8221;on|phone&#8221; button_text_color_hover=&#8221;#ffffff&#8221; button_border_color_hover=&#8221;#ff9e59&#8243; button_bg_color_hover=&#8221;#ff9e59&#8243; button_text_size__hover_enabled=&#8221;off&#8221; button_one_text_size__hover_enabled=&#8221;off&#8221; button_two_text_size__hover_enabled=&#8221;off&#8221; button_text_color__hover_enabled=&#8221;on&#8221; button_text_color__hover=&#8221;#ffffff&#8221; button_one_text_color__hover_enabled=&#8221;off&#8221; button_two_text_color__hover_enabled=&#8221;off&#8221; button_border_width__hover_enabled=&#8221;off&#8221; button_one_border_width__hover_enabled=&#8221;off&#8221; button_two_border_width__hover_enabled=&#8221;off&#8221; button_border_color__hover_enabled=&#8221;on&#8221; button_border_color__hover=&#8221;#ff9e59&#8243; button_one_border_color__hover_enabled=&#8221;off&#8221; button_two_border_color__hover_enabled=&#8221;off&#8221; button_border_radius__hover_enabled=&#8221;off&#8221; button_one_border_radius__hover_enabled=&#8221;off&#8221; button_two_border_radius__hover_enabled=&#8221;off&#8221; button_letter_spacing__hover_enabled=&#8221;off&#8221; button_one_letter_spacing__hover_enabled=&#8221;off&#8221; button_two_letter_spacing__hover_enabled=&#8221;off&#8221; button_bg_color__hover_enabled=&#8221;on&#8221; button_bg_color__hover=&#8221;#ff9e59&#8243; button_one_bg_color__hover_enabled=&#8221;off&#8221; button_two_bg_color__hover_enabled=&#8221;off&#8221;][\/et_pb_cta][\/et_pb_column][et_pb_column type=&#8221;1_2&#8243; _builder_version=&#8221;3.25&#8243; custom_padding=&#8221;|||&#8221; custom_padding__hover=&#8221;|||&#8221;][et_pb_post_title title=&#8221;off&#8221; date_format=&#8221;d M Y&#8221; featured_image=&#8221;off&#8221; _builder_version=&#8221;4.9.7&#8243; _module_preset=&#8221;default&#8221; locked=&#8221;off&#8221;][\/et_pb_post_title][\/et_pb_column][\/et_pb_row][\/et_pb_section][et_pb_section fb_built=&#8221;1&#8243; fullwidth=&#8221;on&#8221; _builder_version=&#8221;4.6.6&#8243; _module_preset=&#8221;default&#8221;][et_pb_fullwidth_image src=&#8221;https:\/\/www.compagniaditurismoecultura.it\/blog\/wp-content\/uploads\/2021\/05\/Il-sole-di-mezzanotte-nord-europa.jpg&#8221; title_text=&#8221;Il sole di mezzanotte nord europa&#8221; _builder_version=&#8221;4.9.4&#8243; _module_preset=&#8221;default&#8221;][\/et_pb_fullwidth_image][\/et_pb_section][et_pb_section fb_built=&#8221;1&#8243; admin_label=&#8221;Useful Travel Trips&#8221; _builder_version=&#8221;3.22&#8243; custom_padding=&#8221;0px|0px|0px|0px|true|false&#8221;][et_pb_row _builder_version=&#8221;3.25&#8243; custom_padding=&#8221;1px|||||&#8221;][et_pb_column type=&#8221;4_4&#8243; _builder_version=&#8221;3.25&#8243; custom_padding=&#8221;|||&#8221; custom_padding__hover=&#8221;|||&#8221;][et_pb_text _builder_version=&#8221;4.9.4&#8243; text_font=&#8221;Noto Sans||on||||||&#8221; text_font_size=&#8221;17px&#8221; text_line_height=&#8221;2em&#8221; header_font=&#8221;||||||||&#8221; header_3_font=&#8221;|800|||||||&#8221; max_width=&#8221;800px&#8221; max_width_tablet=&#8221;&#8221; max_width_phone=&#8221;&#8221; max_width_last_edited=&#8221;on|phone&#8221; module_alignment=&#8221;center&#8221; custom_padding=&#8221;50px||0px|||&#8221;]<\/p>\n<h3>Pillole di viaggio.<\/h3>\n<p>A molti di voi sar\u00e0 capitato di andare durante il periodo estivo in Nord Europa. Le giornate si allungano e si pu\u00f2 fare tranquillamente una bella passeggiata alle 2 di notte in compagnia di una gradevolissima luce, pi\u00f9 o meno come fossimo dalle nostre parti in pieno pomeriggio.<br \/>Ci\u00f2 accade per via del crepuscolo, cio\u00e8 quella fase del giorno successiva al tramonto del sole, durante la quale l\u2019illuminazione non avviene pi\u00f9 per via diretta ma indiretta, grazie alla riflessione e diffusione della luce nell\u2019atmosfera.<br \/>Il crepuscolo cambia in durata a seconda della latitudine. Pi\u00f9 ci si avvicina all\u2019equatore pi\u00f9 breve sar\u00e0 il crepuscolo. Al contrario, pi\u00f9 si va verso nord pi\u00f9 si allunga. Prendendo ad esempio le isole Maldive, che si trovano leggermente sopra l\u2019equatore, alba e tramonto, all\u2019incirca, avvengono alle 6 di mattina e alle 18.00. Pochi minuti prima dell\u2019alba \u00e8 ancora completamente buio. Mentre pochi minuti dopo il tramonto non c\u2019\u00e8 pi\u00f9 luce. Perch\u00e9 appunto siamo all\u2019equatore e il crepuscolo \u00e8 quasi impercettibile.<br \/>Al contrario, riprendendo l\u2019esempio del Nord Europa, immaginiamo di essere ad Helsinki, Finlandia.<br \/>In piena estate il sole tramonta dopo le 22.00, ma il crepuscolo \u00e8 lungo e luminoso. Per cui a mezzanotte potrebbe quasi sembrare che il sole non sia ancora tramontato.<br \/>Ma il fenomeno del sole di mezzanotte \u00e8 ancora un\u2019altra cosa. Per vederlo bisogna viaggiare oltre il parallelo 66 nord (oppure 66 sud nel caso capitasse di essere in Antartide).<br \/>Il parallelo 66 nord \u00e8 il famoso Napapijri o pi\u00f9 semplicemente Circolo Polare Artico, a nord del quale, dopo il solstizio d\u2019estate il 21 giugno, il sole rimarr\u00e0 sempre oltre la linea dell\u2019orizzonte. Sar\u00e0 possibile ammirarlo in tutto il suo splendore salendo su una collina panoramica, oppure, come da tradizione, andando a Capo Nord.<br \/>Perch\u00e9 il sole non tramonta a queste latitudini? La spiegazione sta nell\u2019inclinazione della Terra. La Terra gira intorno al sole ma \u00e8 inclinata sul suo asse di 23 gradi. Nel periodo estivo l\u2019emisfero nord si trova inclinato verso il sole e la relativa area a nord del Circolo Polare Artico \u00e8 quindi sempre esposta ai raggi solari. Al contrario, nello stesso periodo, l\u2019emisfero sud nella parte a sud del Circolo Polare Antartico sar\u00e0 sempre in ombra. Ovviamente in inverno le situazioni si invertono. <\/p>\n<p>[\/et_pb_text][\/et_pb_column][\/et_pb_row][\/et_pb_section]<\/p>\n","protected":false},"excerpt":{"rendered":"<p>Pillole di viaggio. A molti di voi sar\u00e0 capitato di andare durante il periodo estivo in Nord Europa. Le giornate si allungano e si pu\u00f2 fare tranquillamente una bella passeggiata alle 2 di notte in compagnia di una gradevolissima luce, pi\u00f9 o meno come fossimo dalle nostre parti in pieno pomeriggio.Ci\u00f2 accade per via del [&hellip;]<\/p>\n","protected":false},"author":4,"featured_media":1909,"comment_status":"open","ping_status":"open","sticky":false,"template":"","format":"standard","meta":{"_et_pb_use_builder":"on","_et_pb_old_content":"","_et_gb_content_width":""},"categories":[6],"tags":[],"_links":{"self":[{"href":"https:\/\/www.compagniaditurismoecultura.it\/blog\/wp-json\/wp\/v2\/posts\/1899"}],"collection":[{"href":"https:\/\/www.compagniaditurismoecultura.it\/blog\/wp-json\/wp\/v2\/posts"}],"about":[{"href":"https:\/\/www.compagniaditurismoecultura.it\/blog\/wp-json\/wp\/v2\/types\/post"}],"author":[{"embeddable":true,"href":"https:\/\/www.compagniaditurismoecultura.it\/blog\/wp-json\/wp\/v2\/users\/4"}],"replies":[{"embeddable":true,"href":"https:\/\/www.compagniaditurismoecultura.it\/blog\/wp-json\/wp\/v2\/comments?post=1899"}],"version-history":[{"count":8,"href":"https:\/\/www.compagniaditurismoecultura.it\/blog\/wp-json\/wp\/v2\/posts\/1899\/revisions"}],"predecessor-version":[{"id":2248,"href":"https:\/\/www.compagniaditurismoecultura.it\/blog\/wp-json\/wp\/v2\/posts\/1899\/revisions\/2248"}],"wp:featuredmedia":[{"embeddable":true,"href":"https:\/\/www.compagniaditurismoecultura.it\/blog\/wp-json\/wp\/v2\/media\/1909"}],"wp:attachment":[{"href":"https:\/\/www.compagniaditurismoecultura.it\/blog\/wp-json\/wp\/v2\/media?parent=1899"}],"wp:term":[{"taxonomy":"category","embeddable":true,"href":"https:\/\/www.compagniaditurismoecultura.it\/blog\/wp-json\/wp\/v2\/categories?post=1899"},{"taxonomy":"post_tag","embeddable":true,"href":"https:\/\/www.compagniaditurismoecultura.it\/blog\/wp-json\/wp\/v2\/tags?post=1899"}],"curies":[{"name":"wp","href":"https:\/\/api.w.org\/{rel}","templated":true}]}}