{"id":1850,"date":"2021-05-05T09:37:34","date_gmt":"2021-05-05T07:37:34","guid":{"rendered":"https:\/\/www.compagniaditurismoecultura.it\/blog\/?p=1850"},"modified":"2021-07-07T10:51:17","modified_gmt":"2021-07-07T08:51:17","slug":"caracas","status":"publish","type":"post","link":"https:\/\/www.compagniaditurismoecultura.it\/blog\/caracas\/","title":{"rendered":"Caracas"},"content":{"rendered":"<p>[et_pb_section fb_built=&#8221;1&#8243; admin_label=&#8221;Tour CTA &#038; Information Section&#8221; _builder_version=&#8221;3.22&#8243; custom_padding=&#8221;4px|0px|2px|0px|false|false&#8221;][et_pb_row column_structure=&#8221;1_2,1_2&#8243; admin_label=&#8221;Tour CTA &#038; Information Row&#8221; _builder_version=&#8221;3.25&#8243; custom_padding=&#8221;||3px|||&#8221;][et_pb_column type=&#8221;1_2&#8243; _builder_version=&#8221;3.25&#8243; custom_padding=&#8221;|||&#8221; custom_padding__hover=&#8221;|||&#8221;][et_pb_cta title=&#8221;Caracas&#8221; button_url=&#8221;#TOP&#8221; _builder_version=&#8221;4.9.4&#8243; header_level=&#8221;h1&#8243; header_font=&#8221;Noto Serif|700|||||||&#8221; header_font_size=&#8221;44px&#8221; header_line_height=&#8221;1.5em&#8221; body_font=&#8221;Noto Sans||||||||&#8221; body_text_align=&#8221;right&#8221; body_font_size=&#8221;17px&#8221; body_line_height=&#8221;2em&#8221; use_background_color=&#8221;off&#8221; custom_button=&#8221;on&#8221; button_text_size=&#8221;17px&#8221; button_text_color=&#8221;#ffffff&#8221; button_bg_color=&#8221;#ff6b5a&#8221; button_border_width=&#8221;10px&#8221; button_border_color=&#8221;#ff6b5a&#8221; button_border_radius=&#8221;100px&#8221; button_font=&#8221;Noto Sans|700||on|||||&#8221; button_use_icon=&#8221;off&#8221; button_alignment=&#8221;right&#8221; text_orientation=&#8221;right&#8221; background_layout=&#8221;light&#8221; max_width=&#8221;480px&#8221; max_width_tablet=&#8221;&#8221; max_width_phone=&#8221;&#8221; max_width_last_edited=&#8221;on|tablet&#8221; module_alignment=&#8221;left&#8221; header_font_size_tablet=&#8221;&#8221; header_font_size_phone=&#8221;34px&#8221; header_font_size_last_edited=&#8221;on|phone&#8221; button_text_color_hover=&#8221;#ffffff&#8221; button_border_color_hover=&#8221;#ff9e59&#8243; button_bg_color_hover=&#8221;#ff9e59&#8243; button_text_size__hover_enabled=&#8221;off&#8221; button_one_text_size__hover_enabled=&#8221;off&#8221; button_two_text_size__hover_enabled=&#8221;off&#8221; button_text_color__hover_enabled=&#8221;on&#8221; button_text_color__hover=&#8221;#ffffff&#8221; button_one_text_color__hover_enabled=&#8221;off&#8221; button_two_text_color__hover_enabled=&#8221;off&#8221; button_border_width__hover_enabled=&#8221;off&#8221; button_one_border_width__hover_enabled=&#8221;off&#8221; button_two_border_width__hover_enabled=&#8221;off&#8221; button_border_color__hover_enabled=&#8221;on&#8221; button_border_color__hover=&#8221;#ff9e59&#8243; button_one_border_color__hover_enabled=&#8221;off&#8221; button_two_border_color__hover_enabled=&#8221;off&#8221; button_border_radius__hover_enabled=&#8221;off&#8221; button_one_border_radius__hover_enabled=&#8221;off&#8221; button_two_border_radius__hover_enabled=&#8221;off&#8221; button_letter_spacing__hover_enabled=&#8221;off&#8221; button_one_letter_spacing__hover_enabled=&#8221;off&#8221; button_two_letter_spacing__hover_enabled=&#8221;off&#8221; button_bg_color__hover_enabled=&#8221;on&#8221; button_bg_color__hover=&#8221;#ff9e59&#8243; button_one_bg_color__hover_enabled=&#8221;off&#8221; button_two_bg_color__hover_enabled=&#8221;off&#8221;][\/et_pb_cta][\/et_pb_column][et_pb_column type=&#8221;1_2&#8243; _builder_version=&#8221;3.25&#8243; custom_padding=&#8221;|||&#8221; custom_padding__hover=&#8221;|||&#8221;][et_pb_post_title title=&#8221;off&#8221; date_format=&#8221;d M Y&#8221; _builder_version=&#8221;4.9.7&#8243; _module_preset=&#8221;default&#8221; hover_enabled=&#8221;0&#8243; featured_image=&#8221;off&#8221; sticky_enabled=&#8221;0&#8243; locked=&#8221;off&#8221;][\/et_pb_post_title][\/et_pb_column][\/et_pb_row][\/et_pb_section][et_pb_section fb_built=&#8221;1&#8243; fullwidth=&#8221;on&#8221; _builder_version=&#8221;4.6.6&#8243; _module_preset=&#8221;default&#8221;][et_pb_fullwidth_image src=&#8221;https:\/\/www.compagniaditurismoecultura.it\/blog\/wp-content\/uploads\/2021\/05\/Quartiere-di-Caracas.jpg&#8221; alt=&#8221;Quartiere di Caracas&#8221; title_text=&#8221;Quartiere di Caracas&#8221; _builder_version=&#8221;4.9.4&#8243; _module_preset=&#8221;default&#8221;][\/et_pb_fullwidth_image][\/et_pb_section][et_pb_section fb_built=&#8221;1&#8243; admin_label=&#8221;Useful Travel Trips&#8221; _builder_version=&#8221;3.22&#8243; custom_padding=&#8221;0px|0px|0px|0px|true|false&#8221;][et_pb_row _builder_version=&#8221;3.25&#8243; custom_padding=&#8221;1px|||||&#8221;][et_pb_column type=&#8221;4_4&#8243; _builder_version=&#8221;3.25&#8243; custom_padding=&#8221;|||&#8221; custom_padding__hover=&#8221;|||&#8221;][et_pb_text _builder_version=&#8221;4.9.4&#8243; text_font=&#8221;Noto Sans||on||||||&#8221; text_font_size=&#8221;17px&#8221; text_line_height=&#8221;2em&#8221; header_font=&#8221;||||||||&#8221; header_3_font=&#8221;|800|||||||&#8221; max_width=&#8221;800px&#8221; max_width_tablet=&#8221;&#8221; max_width_phone=&#8221;&#8221; max_width_last_edited=&#8221;on|phone&#8221; module_alignment=&#8221;center&#8221; custom_padding=&#8221;50px||0px|||&#8221;]<\/p>\n<h3>I colori di Frida Kalho.<\/h3>\n<p>Caracas era una citt\u00e0 orrenda. Un tempo per\u00f2, quando io avevo 20 anni, almeno non era letale. <br \/>Alloggiavo in un bel quartierino decorosamente malfamato di cui potei, in seguito, vantarmi come una consumata avventuriera di altri tempi. Dividevo l\u2019appartamento con la figlia del mio capo la quale, a sua volta, subaffittava il locale a due doberman e a una scimmietta bastardissima. La nostra convivenza aveva davvero i colori dei quadri di Frida Kalho. La cucina era piena di padelle, piatti e terrine. <br \/>Piante in vasetti, bicchieri, bottiglie e contenitori vari sbucavano da ogni angolo e rami, grovigli vegetali e piantine in essicazione perenne pendevano da ogni dove.<\/p>\n<h3>Le mie fragilit\u00e0.<\/h3>\n<p>La frutta, manco a dirlo, aveva la polposit\u00e0 e i colori che solo un eventuale pennellata di Botero avrebbe potuto riportare in tutta veridicit\u00e0. Nella sala i copri divani arrivavano dal Per\u00f9 e dal Guatemala, i tappeti erano dei kilim acquistati in qualche raid in Bolivia e i lampadari li faceva lei, con quello che avanzava delle bottiglie rotte dopo che erano state debitamente scolate nelle innumerevoli feste che si susseguivano in casa. <br \/>Immagino non sia necessario precisare che attorno a me si passava con allegria e spensieratezza dalla blanda marijuana a dosi massicce di cocaina. Io, paurosa come sempre, mi dedicavo con maggior fervore al rum. <br \/>Apro una breve parentesi in questa mia narrazione per precisare che sono una persona assolutamente non capace di resistere alle pi\u00f9 blande tentazioni. Nell\u2019ammettere questa mia fragilit\u00e0 per\u00f2 mi fregio di un grande merito: ho imparato presto che \u00e8 bene scendere in guerra solo quando si hanno possibilit\u00e0 di vittoria. Se no, non merita neanche armarsi. <br \/>Tutto questo preambolo per spiegare che ci sono un mare di cose che a questo mondo fanno male e sono buonissime. Con alcune ho raggiunto un compromesso accettabile. Per esempio il vino: mi piace e quando sono a tavola in compagnia io bevo, felice e satolla. Ma mi accorgo che, se non fossi con amici che a un certo punto della serata mi sfilano il bicchiere da sotto il naso (con conseguente rischio di averne mozza la mano, ma i miei amici sono impavidi) io andrei avanti. <br \/>Per questo motivo non mi sono mai avvicinata alle droghe. Neanche a quelle che al giorno d\u2019oggi vengono vendute nelle farmacie. Io le temo perch\u00e9 sono certa che sia un mondo meraviglioso (non se ne spiegherebbe l\u2019uso cos\u00ec abbondante) ma temo altres\u00ec che la mia debole capacit\u00e0 di opposizione a quelle che sono le gioie della vita mi spingerebbe ad abusarne. <br \/>Quindi, da sempre, io che ho la fama di persona eccessiva, stupisco in ultimo tirandomi indietro alla semplice offerta di una sigaretta. Patetico e semplicemente vero.<\/p>\n<h3>Tornando al Venezuela.<\/h3>\n<p>Tornando al mio soggiorno venezuelano, mi intrattenevo amabilmente con cocainomani le cui tracce di polvere mi trovavo sui pantaloni il giorno dopo, con fumatori accaniti che mi si sedevano accanto riducendomi a colabrodo magliette e camicette con sigarette di hashish o marijuana. Ma io a tutto questo sono rimasta sempre rigorosamente estranea. Chiusa parentesi. <br \/>A Caracas fui immediatamente presentata al fratello della mia coinquilina. Realizzai in un secondo momento che quella conoscenza era la mia unica garanzia di aver salva la vita nel quartiere. Il ragazzo, belloccio e inquietante come alcuni indios sanno essere, era dedito allo spaccio e in qualche modo, anche se in ambito differente da quello turistico, seguiva le orme del padre, impegnato unicamente a raggiungere i vertici del settore in cui manovrava: la malavita. A guardarlo si sarebbe detto che ce l\u2019avrebbe fatta senza faticare. <br \/>Mentre scrivo di quel tempo cerco di non calcare la mano sui colori, ma assicuro che le tinte erano davvero forti. <br \/>In ogni caso grazie a queste mie amicizie non incontrai mai un inghippo nello svolgersi pacato e sereno della mia vita venezuelana. Non ho avventure degne di questo nome da raccontarvi. <br \/>I \u201cragazzi\u201d appostati per lo spaccio mi vedevano arrivare e si facevano segno tra di loro. Io passavo, salutavo, compravo le uova e entravo in casa. Una vita tipo quartiere Cit Turin insomma. Nessun pathos particolare, nessun avvenimento mozzafiato da narrare.<\/p>\n<h3>La scimmietta e i doberman.<\/h3>\n<p>Quando la mia coinquilina mi chiese se fossi disponibile a guardarle per un paio di settimane le bestie (i succitati doberman e scimmietta) non avevo rilevato la pericolosit\u00e0 della richiesta. E dissi di s\u00ec. <br \/>Furono due settimane movimentate. La scimmietta doveva dormire chiusa nella camera con me perch\u00e9 diversamente avrebbe tormentato ininterrottamente i due cani che, alla lunga, avrebbero anche potuto cedere al richiamo della foresta e mangiarsela. Cos\u00ec io e \u201ccita\u201d dormivamo abbracciate e lei di notte mi sondava le orecchie, perlustrava il mio naso, cercava di strapparmi le sopracciglia. La mattina, esauste, ci alzavamo ogni giorno un po\u2019 meno affiatate. Preparavo da mangiare e lei aspettava vicino alla pentola con occhietti spiritati. Quando cedevo e le mollavo uno gnocco, per esempio, lei se lo passava da una mano all\u2019altra per non bruciarsi e poi, quando realizzava che forse sarebbe stato comunque troppo caldo, me lo tirava addosso stizzita. Oppure bersagliava i cani. E allora iniziava la guerra. <br \/>Scendevo con i due doberman (mi pare si chiamassero Samba e Rumba o Mambo e Samba\u2026chiss\u00e0) a passeggiare nel parco vicino a casa. Ricordo che il fratello della mia amica mi avvicinava per chiedermi se tutto andasse bene e per estorcermi la disponibilit\u00e0 della casa per qualche festicciola. Le festicciole Venezuelane non sono esattamente tranquille seratine fra amici. Io alla fine cedevo e ne approfittavo per portare a spasso canidi e scimmia. Quelle sere di \u201cuscita forzata\u201d erano alla fine le migliori. Prendevo la macchina e guidavo fino sulla costa. Qui io e la scimmia (ma come si chiamava? Non lo ricordo!) mangiavamo le pannocchie abbrustolite che vendevano in strada, ci sedevamo sul bagnasciuga e lanciavamo legnetti ai cani che correvano tuffati nell\u2019arancione-viola del tramonto. Tanto c\u2019era sempre qualcuno che ci avvicinava, vuoi con la scusa della scimmia, vuoi perch\u00e9 in quei paesi sembra imposta dalla Costituzione la cortesia e la disponibilit\u00e0 verso il prossimo che si incontra per strada. E cos\u00ec conoscevo manipoli di personaggi che se Pirandello li avesse trovati, li avrebbe subito assoldati e non li avrebbe lasciati girovagare in cerca di ulteriori autori. Ascoltavo storie, raccontavo le mie, bevevo una birra e poi me ne tornavo in casa cercando di non accorgermi di qualche individuo buttato a dormire sbronzo sul divano o riverso sul tappeto. La mattina dopo gi\u00e0 sapevo che il salotto sarebbe stato sgombro. <br \/>A me non restava altro da fare che buttare le bottiglie vuote, comprate, \u00e7a va sans dire, nei peggiori bar di Caracas. <\/p>\n<p>[\/et_pb_text][\/et_pb_column][\/et_pb_row][\/et_pb_section]<\/p>\n","protected":false},"excerpt":{"rendered":"<p>I colori di Frida Kalho. Caracas era una citt\u00e0 orrenda. Un tempo per\u00f2, quando io avevo 20 anni, almeno non era letale. Alloggiavo in un bel quartierino decorosamente malfamato di cui potei, in seguito, vantarmi come una consumata avventuriera di altri tempi. Dividevo l\u2019appartamento con la figlia del mio capo la quale, a sua volta, [&hellip;]<\/p>\n","protected":false},"author":2,"featured_media":1859,"comment_status":"open","ping_status":"open","sticky":false,"template":"","format":"standard","meta":{"_et_pb_use_builder":"on","_et_pb_old_content":"","_et_gb_content_width":""},"categories":[4],"tags":[],"_links":{"self":[{"href":"https:\/\/www.compagniaditurismoecultura.it\/blog\/wp-json\/wp\/v2\/posts\/1850"}],"collection":[{"href":"https:\/\/www.compagniaditurismoecultura.it\/blog\/wp-json\/wp\/v2\/posts"}],"about":[{"href":"https:\/\/www.compagniaditurismoecultura.it\/blog\/wp-json\/wp\/v2\/types\/post"}],"author":[{"embeddable":true,"href":"https:\/\/www.compagniaditurismoecultura.it\/blog\/wp-json\/wp\/v2\/users\/2"}],"replies":[{"embeddable":true,"href":"https:\/\/www.compagniaditurismoecultura.it\/blog\/wp-json\/wp\/v2\/comments?post=1850"}],"version-history":[{"count":6,"href":"https:\/\/www.compagniaditurismoecultura.it\/blog\/wp-json\/wp\/v2\/posts\/1850\/revisions"}],"predecessor-version":[{"id":2285,"href":"https:\/\/www.compagniaditurismoecultura.it\/blog\/wp-json\/wp\/v2\/posts\/1850\/revisions\/2285"}],"wp:featuredmedia":[{"embeddable":true,"href":"https:\/\/www.compagniaditurismoecultura.it\/blog\/wp-json\/wp\/v2\/media\/1859"}],"wp:attachment":[{"href":"https:\/\/www.compagniaditurismoecultura.it\/blog\/wp-json\/wp\/v2\/media?parent=1850"}],"wp:term":[{"taxonomy":"category","embeddable":true,"href":"https:\/\/www.compagniaditurismoecultura.it\/blog\/wp-json\/wp\/v2\/categories?post=1850"},{"taxonomy":"post_tag","embeddable":true,"href":"https:\/\/www.compagniaditurismoecultura.it\/blog\/wp-json\/wp\/v2\/tags?post=1850"}],"curies":[{"name":"wp","href":"https:\/\/api.w.org\/{rel}","templated":true}]}}