{"id":1839,"date":"2021-04-28T10:44:53","date_gmt":"2021-04-28T08:44:53","guid":{"rendered":"https:\/\/www.compagniaditurismoecultura.it\/blog\/?p=1839"},"modified":"2021-07-07T10:52:00","modified_gmt":"2021-07-07T08:52:00","slug":"terra-santa","status":"publish","type":"post","link":"https:\/\/www.compagniaditurismoecultura.it\/blog\/terra-santa\/","title":{"rendered":"Terra Santa"},"content":{"rendered":"<p>[et_pb_section fb_built=&#8221;1&#8243; admin_label=&#8221;Tour CTA &#038; Information Section&#8221; _builder_version=&#8221;3.22&#8243; custom_padding=&#8221;4px|0px|2px|0px|false|false&#8221;][et_pb_row column_structure=&#8221;1_2,1_2&#8243; admin_label=&#8221;Tour CTA &#038; Information Row&#8221; _builder_version=&#8221;3.25&#8243; custom_padding=&#8221;||3px|||&#8221;][et_pb_column type=&#8221;1_2&#8243; _builder_version=&#8221;3.25&#8243; custom_padding=&#8221;|||&#8221; custom_padding__hover=&#8221;|||&#8221;][et_pb_cta title=&#8221;Terra Santa&#8221; button_url=&#8221;#TOP&#8221; _builder_version=&#8221;4.9.4&#8243; header_level=&#8221;h1&#8243; header_font=&#8221;Noto Serif|700|||||||&#8221; header_font_size=&#8221;44px&#8221; header_line_height=&#8221;1.5em&#8221; body_font=&#8221;Noto Sans||||||||&#8221; body_text_align=&#8221;right&#8221; body_font_size=&#8221;17px&#8221; body_line_height=&#8221;2em&#8221; use_background_color=&#8221;off&#8221; custom_button=&#8221;on&#8221; button_text_size=&#8221;17px&#8221; button_text_color=&#8221;#ffffff&#8221; button_bg_color=&#8221;#ff6b5a&#8221; button_border_width=&#8221;10px&#8221; button_border_color=&#8221;#ff6b5a&#8221; button_border_radius=&#8221;100px&#8221; button_font=&#8221;Noto Sans|700||on|||||&#8221; button_use_icon=&#8221;off&#8221; button_alignment=&#8221;right&#8221; text_orientation=&#8221;right&#8221; background_layout=&#8221;light&#8221; max_width=&#8221;480px&#8221; max_width_tablet=&#8221;&#8221; max_width_phone=&#8221;&#8221; max_width_last_edited=&#8221;on|tablet&#8221; module_alignment=&#8221;left&#8221; header_font_size_tablet=&#8221;&#8221; header_font_size_phone=&#8221;34px&#8221; header_font_size_last_edited=&#8221;on|phone&#8221; button_text_color_hover=&#8221;#ffffff&#8221; button_border_color_hover=&#8221;#ff9e59&#8243; button_bg_color_hover=&#8221;#ff9e59&#8243; button_text_size__hover_enabled=&#8221;off&#8221; button_one_text_size__hover_enabled=&#8221;off&#8221; button_two_text_size__hover_enabled=&#8221;off&#8221; button_text_color__hover_enabled=&#8221;on&#8221; button_text_color__hover=&#8221;#ffffff&#8221; button_one_text_color__hover_enabled=&#8221;off&#8221; button_two_text_color__hover_enabled=&#8221;off&#8221; button_border_width__hover_enabled=&#8221;off&#8221; button_one_border_width__hover_enabled=&#8221;off&#8221; button_two_border_width__hover_enabled=&#8221;off&#8221; button_border_color__hover_enabled=&#8221;on&#8221; button_border_color__hover=&#8221;#ff9e59&#8243; button_one_border_color__hover_enabled=&#8221;off&#8221; button_two_border_color__hover_enabled=&#8221;off&#8221; button_border_radius__hover_enabled=&#8221;off&#8221; button_one_border_radius__hover_enabled=&#8221;off&#8221; button_two_border_radius__hover_enabled=&#8221;off&#8221; button_letter_spacing__hover_enabled=&#8221;off&#8221; button_one_letter_spacing__hover_enabled=&#8221;off&#8221; button_two_letter_spacing__hover_enabled=&#8221;off&#8221; button_bg_color__hover_enabled=&#8221;on&#8221; button_bg_color__hover=&#8221;#ff9e59&#8243; button_one_bg_color__hover_enabled=&#8221;off&#8221; button_two_bg_color__hover_enabled=&#8221;off&#8221;][\/et_pb_cta][\/et_pb_column][et_pb_column type=&#8221;1_2&#8243; _builder_version=&#8221;3.25&#8243; custom_padding=&#8221;|||&#8221; custom_padding__hover=&#8221;|||&#8221;][et_pb_post_title title=&#8221;off&#8221; date_format=&#8221;d M Y&#8221; _builder_version=&#8221;4.9.7&#8243; _module_preset=&#8221;default&#8221; hover_enabled=&#8221;0&#8243; featured_image=&#8221;off&#8221; sticky_enabled=&#8221;0&#8243; locked=&#8221;off&#8221;][\/et_pb_post_title][\/et_pb_column][\/et_pb_row][\/et_pb_section][et_pb_section fb_built=&#8221;1&#8243; fullwidth=&#8221;on&#8221; _builder_version=&#8221;4.6.6&#8243; _module_preset=&#8221;default&#8221;][et_pb_fullwidth_image src=&#8221;https:\/\/www.compagniaditurismoecultura.it\/blog\/wp-content\/uploads\/2021\/04\/terra-santa.jpg&#8221; alt=&#8221;Sarajevo by night&#8221; title_text=&#8221;terra santa&#8221; _builder_version=&#8221;4.9.4&#8243; _module_preset=&#8221;default&#8221;][\/et_pb_fullwidth_image][\/et_pb_section][et_pb_section fb_built=&#8221;1&#8243; admin_label=&#8221;Useful Travel Trips&#8221; _builder_version=&#8221;3.22&#8243; custom_padding=&#8221;0px|0px|0px|0px|true|false&#8221;][et_pb_row _builder_version=&#8221;3.25&#8243; custom_padding=&#8221;1px|||||&#8221;][et_pb_column type=&#8221;4_4&#8243; _builder_version=&#8221;3.25&#8243; custom_padding=&#8221;|||&#8221; custom_padding__hover=&#8221;|||&#8221;][et_pb_text _builder_version=&#8221;4.9.4&#8243; text_font=&#8221;Noto Sans||on||||||&#8221; text_font_size=&#8221;17px&#8221; text_line_height=&#8221;2em&#8221; header_font=&#8221;||||||||&#8221; header_3_font=&#8221;|800|||||||&#8221; max_width=&#8221;800px&#8221; max_width_tablet=&#8221;&#8221; max_width_phone=&#8221;&#8221; max_width_last_edited=&#8221;on|phone&#8221; module_alignment=&#8221;center&#8221; custom_padding=&#8221;50px||0px|||&#8221;]<\/p>\n<h3>Terra Santa.<\/h3>\n<p>Perch\u00e9 Santa \u00e8 la pazienza che ci vuole a non farsi irritare da certi atteggiamenti di illustri esponenti delle tre fedi monoteistiche che bazzicano all\u2019interno delle mura di una Gerusalemme bellissima.<\/p>\n<p>Non sono una donna di fede. Ma sono una donna spirituale. Senza farla complicata credo in qualcosa che ci aspetta al di l\u00e0. Ma non passo la mia vita a pensare al modo di accaparrarmi le simpatie di chi, quando ci arriver\u00f2, mi prender\u00e0 per le orecchie e mi chieder\u00e0 conto di tutte le strafottenze che ho avuto in vita. Penso al qui. Ora. Non ho mai trovato Dio in fila a pagare le bollette. Non lo scorgo neanche quando devo fare i conti con un\u2019influenza o con il mal di pancia del mio gatto. Immaginarsi se lo intravedo nelle grandi catastrofi umane. Ma c\u2019\u00e8. Non so se ci guarda o si distrae annoiato. Mi ritrovo spesso a sperare la seconda.<\/p>\n<h3>Condotta morale: 4.<\/h3>\n<p>Comunque sia qui in Israele sembrano tutti decisi a fare bella figura davanti a lui.<\/p>\n<p>Chi lo prega prostrandosi su un tappeto dentro una moschea. Chi battendo la fronte contro un muro. Altri ancora salmodiando e ripercorrendo gli ultimi metri di strada che ha fatto un suo figlio prima di essere appeso a una croce.<\/p>\n<p>Qui sono tutti impegnati nel cercare di essere i primi della classe. Come mediocri studenti che durante il compito in classe coprono con la mano il proprio foglio per non aiutare il vicino. Roba che se fossi io la maestra li spedirei tutti a settembre. Condotta morale: 4<\/p>\n<p>Cos\u00ec capita che Cristiani Armeni prendano a testate Cristiani Cattolici dentro la Chiesa del Santo Sepolcro. O pu\u00f2 accadere che musulmani devoti tirino pietre se un riccioluto ebreo sale sulla spianata delle moschee per ammirare il panorama. E state attenti agli ebrei ultraortodossi di Mea Shearin: se vi beccano a fare foto nel giorno di Shabbat, quella macchina fotografica ve la potrebbero voler far ingoiare.<\/p>\n<p>Chiss\u00e0 quale di questi studenti \u00e8 il preferito?<\/p>\n<p>Per\u00f2, in questo grande refettorio pieno di bambini indisciplinati e viziati, si respira una bella atmosfera. Si ha la sensazione di essere pi\u00f9 a contatto con il preside. Qualunque sia la via che si desidera percorrere per raggiungerlo.<\/p>\n<h3>Per\u00f2, dai, \u00e8 divertente.<\/h3>\n<p>Qui in Israele ci si va e si torna sempre un po\u2019 cambiati. Si sgretolano alcune certezze, si sovvertono pregiudizi, si raddrizzano i tiri. Terra Santa: lo \u00e8 per troppi.<\/p>\n<p>Qui tutti arrogano propriet\u00e0 e priorit\u00e0. Qui ognuno \u00e8 arrivato prima dell\u2019altro e ha quindi pi\u00f9 diritti dell\u2019altro. Una storia vecchia di millenni che in fondo ha anche un po\u2019 stufato. Rivalse trite e ritrite su cui sono stati scritti plichi di saggi e romanzi storici. Ognuno con una propria verit\u00e0. Da sbandierare, da mettere sul podio, con cui schiacciare quella dell\u2019altro. Film gi\u00e0 visto. Cambiare la trama non sembra possibile.<\/p>\n<p>Terra Santa perch\u00e9 non si \u00e8 ancora irritata e non ha voluto ancora fagocitare tutta la pletora di preti, rabbini e mullah deliranti nel suo ventre scuro.<\/p>\n<p>A me piace viaggiare, e se tanto ho amato questa terra, non \u00e8 stato per la sua santit\u00e0. Al contrario. L\u2019ho amata per la sua dannazione: per la fragilit\u00e0 cos\u00ec manifesta di noi creature disorientate, sempre a cercare un fine, un Dio, una salvezza, un paradiso. Ce ne freghiamo se, persi in questa ricerca, rendiamo il presente un inferno. Che razza cretina!<\/p>\n<p>Per\u00f2 dai, \u00e8 divertente. Entro ed esco da chiese e sinagoghe e penso: vai a vedere che alla fine hanno ragione i buddisti!<\/p>\n<h3>Un bimbo appena nato.<\/h3>\n<p>Il primo ricordo che mi si affaccia fastidioso nella mente quando penso a Israele \u00e8 un incontro. Sono in Palestina, a Betlemme. Fa un caldo che apriti cielo! Il mio gruppo composto da un manipolo di irriducibili settantenni ha l\u2019umore alto (capirete, stavamo per baciare il suolo dove Ges\u00f9 era venuto al mondo), ma il fisico decisamente provato dall\u2019afa. Siamo entrati nella Chiesa della Nativit\u00e0 di Betlemme in un pomeriggio infuocato da un sole cattivo. Il quartiere in cui sorge la chiesa \u00e8, come tutti i quartieri palestinesi, povero, sporco, fatiscente. Nulla degno di nota, solo l\u2019umana miseria del vivere. Dentro per\u00f2 \u00e8 fresco. All\u2019interno della Chiesa c\u2019\u00e8 un\u2019altra piccola costruzione a cui si accede scendendo qualche gradino e che da riparo al posto dove presumibilmente, forse, chiss\u00e0, fussechefusse, magari\u2026..beh insomma, li doveva esserci stata 2000 anni addietro, la mangiatoia e il giaciglio dove fu appoggiato il Bambin Ges\u00f9 in attesa che tre pellegrini che rincorrevano una stella arrivassero a depositare oro, incenso e mirra.<\/p>\n<p>Doni peraltro utilissimi per un bimbo appena nato! Scusate la divagazione.<\/p>\n<h3>Diritti di fronte all&#8217;Altissimo.<\/h3>\n<p>Comunque noi irriducibili stiamo aspettando il nostro turno. Ci precede un gruppo di gagliardi greci capeggiati da un\u2019altrettanto gagliarda guida di fronte alla cui imperiosit\u00e0 io sparisco. Mi avvicino e chiedo quanto pi\u00f9 gentilmente riesco, se possiamo passare prima di loro: siamo pi\u00f9 vecchietti e provati. In fondo si tratta di una cosa di pochi minuti: non si pu\u00f2 stazionare nella \u201cgrotta\u201d ma solo inginocchiarsi e uscire. L\u00ec sotto l\u2019aria \u00e8 cos\u00ec satura che nessuno vorrebbe starci a lungo.<br \/>La Dea Pallade dall\u2019alto di un Olimpo luminoso abbassa gli occhi verso l\u2019umana sudaticcia che in questo momento sono io e risponde lapidaria \u201cNo. Noi passiamo per primi. Ne abbiamo pi\u00f9 diritto.\u201d<br \/>Le mie conoscenze in campo teologico possono dirsi lacunose ma non avevo mai lontanamente sentito parlare di diritti prioritari di fronte all\u2019Altissimo. Non pensavo ci fosse un Triage religioso. Cos\u00ec la guardo interrogativa e lei, alzando la nobile fronte greca verso il crocifisso, aggiunge con tono di ovviet\u00e0 \u201cNoi siamo ortodossi!\u201d<br \/>Ah beh, allora. Poteva dirlo subito no?<\/p>\n<h3>Mi infastidico, mi capita spesso.<\/h3>\n<p>Mi infastidisco. Mi capita spesso. Mi accaloro pi\u00f9 di quanto sia ragionevole soprattutto a queste temperature. Iniziamo ovviamente a disquisire. Alla fine mi scoccio e dico una cosa che merita in contemporanea il biasimo del custode della cripta e quello dei monaci che transitano per caso accanto a noi. Dico qualcosa di infelice che assomiglia a \u201cSe quello che venerate e per cui vi inchinate a baciare dove ha presumibilmente appoggiato il culo da neonato duemila anni fa ci vedesse in questo momento, sputerebbe in faccia a tutti\u201d.<br \/>La reazione \u00e8 tempestiva. Arrivano le guardie che mi convincono, mitra al collo, a uscire dal luogo sacro. Lo avrei fatto anche senza il mitra.<\/p>\n<p>Quando accompagno gruppi riesco a essere accomodante o comunque a capire quando \u00e8 il caso di non farla troppo lunga. Se viaggio da sola rischio ergastoli multipli e in alcuni paesi la fustigazione.<br \/>Quel giorno i miei viaggiatori portarono a compimento la visita senza di me e io da allora per protesta non mangio pi\u00f9 lo yogurt greco.<\/p>\n<p>L\u2019umanit\u00e0. Questo \u00e8 quello che fa di Israele ai miei occhi un paese del Bengodi! Non le chiese (ne abbiamo di molto pi\u00f9 belle in Europa), non le moschee (in cui quasi non ti fanno entrare in quanto donna, in quanto europea, in quanto impura, etc etc), non le sinagoghe (che di per s\u00e9 sono ambienti molto essenziali). Ma la gente! Uno spettacolo gratuito magnifico.<\/p>\n<p>Ti siedi in qualsiasi angolo di Gerusalemme. Puoi scegliere il quartiere arabo, incasinatissimo e pieno di mercati. Oppure quello Armeno, pi\u00f9 etereo e silenzioso. Se vuoi superi mille controlli e ti addentri nel quartiere ebraico, affaccendato e sfuggente. Alla fine se ti senti pi\u00f9 a casa vai nella parte cristiana e ti piazzi davanti al Santo Sepolcro.<br \/>Ti siedi e osservi.<\/p>\n<p>Avete una vaga idea di quanta fantasia abbiamo noi Popoli del Libro?<\/p>\n<h3>Iniziamo con i Cristiani.<\/h3>\n<p>Iniziamo con i Cristiani. Gli esponenti pi\u00f9 forti di questa falange sono gli Ortodossi. Eh, si fa in fretta a dire Ortodosso. Greco? Russo? Poi ci sono gli Armeni. Quelli a met\u00e0 strada tra occidente e oriente. Viaggiano con il capo coperto da un cappuccio nero come adepti del Ku Klux Klan, larghe tonache scure e gran crocifissi che penzolano sul petto. Poi qua e l\u00e0 si vede qualche esponente di un Cattolicesimo che in Terra Santa ha avuto poca fortuna: i Francescani. A un tratto ,come puntini scuri di sospensione, emergono tra la folla gli Etiopi. Che ci sono venuti a fare fino a qui? Leggenda vuole che siano i nipoti della relazione tra Salomone, re d\u2019Israele, e la Regina di Saba. I due si amarono e ci scapp\u00f2 pure un figlio \u2013 Menelik. Il saggio re Ebreo aveva rispedito la bella principessa a casa nel regno dei Sabei con un figlio in pancia e un regalo di tutto rispetto: l\u2019Arca dell\u2019Alleanza con tutte le tavole della legge di Mos\u00e8. Hai detto niente! Gli Etiopi ebrei nati da questa relazione sono a mala pena tollerati dal resto della comunit\u00e0 israelitica. Peccati di giovent\u00f9 di un Re. Capita in tutte le famiglie qualche scheletro che non si riesce a chiudere bene nell\u2019armadio.<\/p>\n<p>E mentre te ne stai l\u00ec, tra un prete e una suora, si insinuano ebrei e musulmani.<\/p>\n<h3>Ebrei e musulmani.<\/h3>\n<p>Sotto, contro il Muso del Pianto, si sperticano di preghiere e inni gli uni, sopra, sulla spianata delle moschee, ci stanno gli altri. Un universo brulicante di preghiere al vento.<br \/>E vogliamo parlare degli ebrei ultraortodossi del quartiere di Mea Shearin? Fantastici. Cammini sotto i balconi nelle loro lercissime strade, e vedi appesi mutandoni dell\u2019epoca di mia bisnonna. Le donne hanno parrucche in segno di umilt\u00e0 (si sono infatti previamente rasate il capo) e gli uomini in pieno luglio indossano colbacchi di visone (non sintetico ovvio) e pastrani neri che, a una rapida occhiata, meriterebbero qualche giro di lavatrice extra.<\/p>\n<p>La gente. E\u2019 quello che pi\u00f9 mi appassiona. Io faccio parte di quella nutrita schiera di persone che ama l\u2019umanit\u00e0, ma detesta l\u2019uomo. Non sono brava ad amare chiunque, ma l\u2019umanit\u00e0 in s\u00e9 suscita la mia tenerezza. Guardo la gente e me ne sento parte come piccolo ingranaggio nello spaventevole meccanismo dell\u2019Universo. Mi rilassa. Mi deresponsabilizza il fatto di essere cos\u00ec piccola e inutile.<\/p>\n<p>Gerusalemme per\u00f2, oltre alla sua gente che si esprime al massimo delle sue potenzialit\u00e0 antropologico e folcloristiche, ha un sacco di cose belle. Ha le mura antiche che ne cingono il nucleo storico, ha l\u2019orto del Getsemani, ha la cupola sulla Roccia. Ha il cimitero dei giusti in cui gli ebrei fanno a gara per essere seppelliti, i musei, i mercati.<\/p>\n<p>Sulla costa c\u2019\u00e8 Acco (San Giovanni di Acri) con i resti delle costruzioni dei Templari. Piccoli porti dal fascino mediorientale pieni di colori e profumi di spezie. C\u2019\u00e8 la Galilea, con il suo lago miracoloso e le sue belle valli. C\u2019\u00e8 Masada.<br \/>Ah s\u00ec, Masada ha dell\u2019incredibile. Un avamposto in mezzo al deserto del Negev dalla cui altura si vede lontano la costa israeliana del Mar Morto. Da quass\u00f9, nello scontro finale tra Romani e popolazioni ebree, pur di non sottostare all\u2019idolatria che il governo romano imponeva, tanti ebrei (uomini, donne con bambini) si lanciarono in un suicidio di massa. La fortezza \u00e8 oggi simbolo del popolo Israeliano e della sua capacit\u00e0 a resistere. I giovani che fanno servizio di leva prestano giuramento con la frase \u201cMai pi\u00f9 Masada cadr\u00e0!\u201d.<\/p>\n<h3>Va, pensiero&#8230;.<\/h3>\n<p>Mentre arranco nell\u2019arsura delle poche pietre rimaste penso che qui, corale e pietoso, vorrei salisse al cielo il coro del Nabucco.<\/p>\n<p>Va, pensiero, sull&#8217;ali dorate;<\/p>\n<p>Va, ti posa sui clivi, sui colli,<\/p>\n<p>Ove olezzano tepide e molli<\/p>\n<p>L&#8217;aure dolci del suolo natal!<\/p>\n<p>Del Giordano le rive saluta,<\/p>\n<p>Di Sionne le torri atterrate&#8230;<\/p>\n<p>Oh, mia patria s\u00ec bella e perduta!<\/p>\n<p>Oh, membranza s\u00ec cara e fatal!<\/p>\n<p>Arpa d&#8217;or dei fatidici vati,<\/p>\n<p>Perch\u00e9 muta dal salice pendi?<\/p>\n<p>Le memorie nel petto raccendi,<\/p>\n<p>Ci favella del tempo che fu!<\/p>\n<p>O simile di S\u00f2lima ai fati<\/p>\n<p>Traggi un suono di crudo lamento,<\/p>\n<p>O t&#8217;ispiri il Signore un concento<\/p>\n<p>Che ne infonda al patire virt\u00f9,<\/p>\n<p>Che ne infonda al patire virt\u00f9,<\/p>\n<p>Che ne infonda al patire virt\u00f9,<\/p>\n<p>Al patire virt\u00f9! Ve, pensamiento &#8211; &#8220;Nabucco&#8221; (Giuseppe Verdi)<\/p>\n<p>[\/et_pb_text][\/et_pb_column][\/et_pb_row][\/et_pb_section]<\/p>\n","protected":false},"excerpt":{"rendered":"<p>Terra Santa. Perch\u00e9 Santa \u00e8 la pazienza che ci vuole a non farsi irritare da certi atteggiamenti di illustri esponenti delle tre fedi monoteistiche che bazzicano all\u2019interno delle mura di una Gerusalemme bellissima. Non sono una donna di fede. Ma sono una donna spirituale. Senza farla complicata credo in qualcosa che ci aspetta al di [&hellip;]<\/p>\n","protected":false},"author":2,"featured_media":1846,"comment_status":"open","ping_status":"open","sticky":false,"template":"","format":"standard","meta":{"_et_pb_use_builder":"on","_et_pb_old_content":"","_et_gb_content_width":""},"categories":[4],"tags":[],"_links":{"self":[{"href":"https:\/\/www.compagniaditurismoecultura.it\/blog\/wp-json\/wp\/v2\/posts\/1839"}],"collection":[{"href":"https:\/\/www.compagniaditurismoecultura.it\/blog\/wp-json\/wp\/v2\/posts"}],"about":[{"href":"https:\/\/www.compagniaditurismoecultura.it\/blog\/wp-json\/wp\/v2\/types\/post"}],"author":[{"embeddable":true,"href":"https:\/\/www.compagniaditurismoecultura.it\/blog\/wp-json\/wp\/v2\/users\/2"}],"replies":[{"embeddable":true,"href":"https:\/\/www.compagniaditurismoecultura.it\/blog\/wp-json\/wp\/v2\/comments?post=1839"}],"version-history":[{"count":6,"href":"https:\/\/www.compagniaditurismoecultura.it\/blog\/wp-json\/wp\/v2\/posts\/1839\/revisions"}],"predecessor-version":[{"id":2286,"href":"https:\/\/www.compagniaditurismoecultura.it\/blog\/wp-json\/wp\/v2\/posts\/1839\/revisions\/2286"}],"wp:featuredmedia":[{"embeddable":true,"href":"https:\/\/www.compagniaditurismoecultura.it\/blog\/wp-json\/wp\/v2\/media\/1846"}],"wp:attachment":[{"href":"https:\/\/www.compagniaditurismoecultura.it\/blog\/wp-json\/wp\/v2\/media?parent=1839"}],"wp:term":[{"taxonomy":"category","embeddable":true,"href":"https:\/\/www.compagniaditurismoecultura.it\/blog\/wp-json\/wp\/v2\/categories?post=1839"},{"taxonomy":"post_tag","embeddable":true,"href":"https:\/\/www.compagniaditurismoecultura.it\/blog\/wp-json\/wp\/v2\/tags?post=1839"}],"curies":[{"name":"wp","href":"https:\/\/api.w.org\/{rel}","templated":true}]}}