{"id":1802,"date":"2021-04-21T08:41:12","date_gmt":"2021-04-21T06:41:12","guid":{"rendered":"https:\/\/www.compagniaditurismoecultura.it\/blog\/?p=1802"},"modified":"2021-07-07T10:52:42","modified_gmt":"2021-07-07T08:52:42","slug":"sarajevo","status":"publish","type":"post","link":"https:\/\/www.compagniaditurismoecultura.it\/blog\/sarajevo\/","title":{"rendered":"Sarajevo"},"content":{"rendered":"<p>[et_pb_section fb_built=&#8221;1&#8243; admin_label=&#8221;Tour CTA &#038; Information Section&#8221; _builder_version=&#8221;3.22&#8243; custom_padding=&#8221;4px|0px|2px|0px|false|false&#8221;][et_pb_row column_structure=&#8221;1_2,1_2&#8243; admin_label=&#8221;Tour CTA &#038; Information Row&#8221; _builder_version=&#8221;3.25&#8243; custom_padding=&#8221;||3px|||&#8221;][et_pb_column type=&#8221;1_2&#8243; _builder_version=&#8221;3.25&#8243; custom_padding=&#8221;|||&#8221; custom_padding__hover=&#8221;|||&#8221;][et_pb_cta title=&#8221;Sarajevo&#8221; button_url=&#8221;#TOP&#8221; _builder_version=&#8221;4.9.3&#8243; header_level=&#8221;h1&#8243; header_font=&#8221;Noto Serif|700|||||||&#8221; header_font_size=&#8221;44px&#8221; header_line_height=&#8221;1.5em&#8221; body_font=&#8221;Noto Sans||||||||&#8221; body_text_align=&#8221;right&#8221; body_font_size=&#8221;17px&#8221; body_line_height=&#8221;2em&#8221; use_background_color=&#8221;off&#8221; custom_button=&#8221;on&#8221; button_text_size=&#8221;17px&#8221; button_text_color=&#8221;#ffffff&#8221; button_bg_color=&#8221;#ff6b5a&#8221; button_border_width=&#8221;10px&#8221; button_border_color=&#8221;#ff6b5a&#8221; button_border_radius=&#8221;100px&#8221; button_font=&#8221;Noto Sans|700||on|||||&#8221; button_use_icon=&#8221;off&#8221; button_alignment=&#8221;right&#8221; text_orientation=&#8221;right&#8221; background_layout=&#8221;light&#8221; max_width=&#8221;480px&#8221; max_width_tablet=&#8221;&#8221; max_width_phone=&#8221;&#8221; max_width_last_edited=&#8221;on|tablet&#8221; module_alignment=&#8221;left&#8221; header_font_size_tablet=&#8221;&#8221; header_font_size_phone=&#8221;34px&#8221; header_font_size_last_edited=&#8221;on|phone&#8221; button_text_color_hover=&#8221;#ffffff&#8221; button_border_color_hover=&#8221;#ff9e59&#8243; button_bg_color_hover=&#8221;#ff9e59&#8243; button_text_size__hover_enabled=&#8221;off&#8221; button_one_text_size__hover_enabled=&#8221;off&#8221; button_two_text_size__hover_enabled=&#8221;off&#8221; button_text_color__hover_enabled=&#8221;on&#8221; button_text_color__hover=&#8221;#ffffff&#8221; button_one_text_color__hover_enabled=&#8221;off&#8221; button_two_text_color__hover_enabled=&#8221;off&#8221; button_border_width__hover_enabled=&#8221;off&#8221; button_one_border_width__hover_enabled=&#8221;off&#8221; button_two_border_width__hover_enabled=&#8221;off&#8221; button_border_color__hover_enabled=&#8221;on&#8221; button_border_color__hover=&#8221;#ff9e59&#8243; button_one_border_color__hover_enabled=&#8221;off&#8221; button_two_border_color__hover_enabled=&#8221;off&#8221; button_border_radius__hover_enabled=&#8221;off&#8221; button_one_border_radius__hover_enabled=&#8221;off&#8221; button_two_border_radius__hover_enabled=&#8221;off&#8221; button_letter_spacing__hover_enabled=&#8221;off&#8221; button_one_letter_spacing__hover_enabled=&#8221;off&#8221; button_two_letter_spacing__hover_enabled=&#8221;off&#8221; button_bg_color__hover_enabled=&#8221;on&#8221; button_bg_color__hover=&#8221;#ff9e59&#8243; button_one_bg_color__hover_enabled=&#8221;off&#8221; button_two_bg_color__hover_enabled=&#8221;off&#8221;][\/et_pb_cta][\/et_pb_column][et_pb_column type=&#8221;1_2&#8243; _builder_version=&#8221;3.25&#8243; custom_padding=&#8221;|||&#8221; custom_padding__hover=&#8221;|||&#8221;][et_pb_post_title title=&#8221;off&#8221; date_format=&#8221;d M Y&#8221; _builder_version=&#8221;4.9.7&#8243; _module_preset=&#8221;default&#8221; hover_enabled=&#8221;0&#8243; featured_image=&#8221;off&#8221; sticky_enabled=&#8221;0&#8243; locked=&#8221;off&#8221;][\/et_pb_post_title][\/et_pb_column][\/et_pb_row][\/et_pb_section][et_pb_section fb_built=&#8221;1&#8243; fullwidth=&#8221;on&#8221; _builder_version=&#8221;4.6.6&#8243; _module_preset=&#8221;default&#8221;][et_pb_fullwidth_image src=&#8221;https:\/\/www.compagniaditurismoecultura.it\/blog\/wp-content\/uploads\/2021\/04\/Sarajevo-by-night.jpg&#8221; alt=&#8221;Sarajevo by night&#8221; title_text=&#8221;Sarajevo by night&#8221; _builder_version=&#8221;4.9.3&#8243; _module_preset=&#8221;default&#8221;][\/et_pb_fullwidth_image][\/et_pb_section][et_pb_section fb_built=&#8221;1&#8243; admin_label=&#8221;Useful Travel Trips&#8221; _builder_version=&#8221;3.22&#8243; custom_padding=&#8221;0px|0px|0px|0px|true|false&#8221;][et_pb_row _builder_version=&#8221;3.25&#8243; custom_padding=&#8221;1px|||||&#8221;][et_pb_column type=&#8221;4_4&#8243; _builder_version=&#8221;3.25&#8243; custom_padding=&#8221;|||&#8221; custom_padding__hover=&#8221;|||&#8221;][et_pb_text _builder_version=&#8221;4.9.3&#8243; text_font=&#8221;Noto Sans||on||||||&#8221; text_font_size=&#8221;17px&#8221; text_line_height=&#8221;2em&#8221; header_font=&#8221;||||||||&#8221; header_3_font=&#8221;|800|||||||&#8221; max_width=&#8221;800px&#8221; max_width_tablet=&#8221;&#8221; max_width_phone=&#8221;&#8221; max_width_last_edited=&#8221;on|phone&#8221; module_alignment=&#8221;center&#8221; custom_padding=&#8221;50px||0px|||&#8221;]<\/p>\n<h3>Sarajevo ha cessato di esistere.<\/h3>\n<p>Correva l\u2019anno 1990. Non sapevo che sarebbe stata l\u2019ultima volta che andavo a Sarajevo.<br \/>Un anno prima del disastro.<br \/>Dopo la guerra, non ho trovato il coraggio per nuove <a href=\"https:\/\/compagniaditurismoecultura.it\/viaggi-organizzati\/\" target=\"_blank\" rel=\"noopener\" title=\"visite\">visite<\/a>. Mi sentivo di dover abbassare gli occhi di fronte a quelli di parenti che avevano attraversato l\u2019inferno. Mi sentivo inconsciamente in difetto.<br \/>Mi hanno ripetuto pi\u00f9 volte che tutto era passato. Che la guerra era finita. Che tornassi, perch\u00e9 continuava a esistere solo nella mia testa.<br \/>Fatto sta che Sarajevo \u00e8 rimasta cristallizzata nei miei occhi di ragazza e dal 1991 ha cessato di esistere sia nei miei ricordi, sia nella mia realt\u00e0.<br \/>Ci torno in queste righe perch\u00e9 le parole di un libro mi hanno prepotentemente tirato per il bavero e immesso nuovamente nella sua esistenza multiforme.<\/p>\n<h3>Un p\u00f2 austro-ungarica, un p\u00f2 turca.<\/h3>\n<p>Sarajevo ha qualcosa di austro-ungarico. Lo ripetono quelli che si infastidiscono per la parte pi\u00f9 evidente, quella turca. Il lungo fiume elegante, alcuni bei viali alberati, qualche palazzo che avrebbe potuto trovarsi a Vienna o a Budapest, \u00e8 vero, richiamano lo stile mitteleuropeo. Ma di sicuro non \u00e8 il profumo avvolgente e morbido della Sacher che si disperde nell\u2019aria della Ba\u0161\u010dar\u0161ija, il quartiere storico della citt\u00e0. \u00c8 piuttosto l\u2019odore plebeo e sfacciato della carne alla griglia che ti segue come un cane affamato mentre cammini sui marciapiedi, giocando a evitare le giunture di pietroni grigi e irregolari con cui le strade sono pavimentate. Al centro di piccole piazze stanno erette, forti di un ruolo nella storia, fontane ottomane usate dai tempi dei turchi per le abluzioni prima dell&#8217;accesso alle moschee. Le stradine sono strette e ancor pi\u00f9 lo appaiono per il precipitare verso il basso, quasi a sfiorarti la testa, dei tetti, anch\u2019essi in pietra, che coprono abitazioni a un piano con facciate di legno intarsiato. Ci si china per entrare in negozi grandi come sgabuzzini dove la puzza della pelle di giacconi e borse si espande impregnando i disegni geometrici di kilim accatastati, le curve morbide delle pantofole di lana ammonticchiate in un angolo, le incisioni minuziose dei vassoi di rame carichi di macinini per il caff\u00e8 e tazzine basse e tonde. Ogni tanto parte il richiamo dei muezzin, seguito a ruota dalle campane di qualche Chiesa. Non di rado a sedersi accanto a te per bersi una birra e leggere il giornale \u00e8 un ebreo con papalina e riccioli lunghi.<\/p>\n<h3>Un p\u00f2 occidentale, un p\u00f2 orientale.<\/h3>\n<p>Cosa ha a che fare questo con l\u2019Europa? Perch\u00e9 tanta ritrosia di fronte all\u2019evidente orma levantina? Non \u00e8 forse affascinante questa ambiguit\u00e0: un\u2019anima piena di stelle e sure di Corano in un elegante e scollato abito europeo!<br \/>Ripenso a questo suo essere oriente e occidente. Non ponte fra i due, ma fiume in cui due affluenti si sono riversati uno nell\u2019altro secoli fa, e continuano la loro corsa verso il mare mischiando acque e detriti, confondendo colori e flussi.<br \/>E sia! La guerra \u00e8 pur finita anche a Sarajevo. E la citt\u00e0 si \u00e8 trovata a gestire un equilibrio, precario come un sogno, di convivenza pacifica imposta. Chi \u00e8 riuscito a sopravvivere lo ha fatto a occhi bassi.<br \/>Non ci sono stati vincitori. Solo morti. Una volta seppelliti anche questi la vita \u00e8 tornata. Pi\u00f9 timorosa, chiaro. Ma in un modo o nell\u2019altro, \u00e8 tornata.<br \/>E con l\u2019arrivo di questa nuova linfa vitale, dei Balcani, si \u00e8 smesso di parlare.<br \/>Lo stesso si fece a casa mia.<br \/>Si preg\u00f2 per i morti e si torn\u00f2 ad aspettare primavere.<br \/>Che alla fine, in effetti, arrivarono.<\/p>\n<p>[\/et_pb_text][\/et_pb_column][\/et_pb_row][\/et_pb_section]<\/p>\n","protected":false},"excerpt":{"rendered":"<p>Sarajevo ha cessato di esistere. Correva l\u2019anno 1990. Non sapevo che sarebbe stata l\u2019ultima volta che andavo a Sarajevo.Un anno prima del disastro.Dopo la guerra, non ho trovato il coraggio per nuove visite. Mi sentivo di dover abbassare gli occhi di fronte a quelli di parenti che avevano attraversato l\u2019inferno. Mi sentivo inconsciamente in difetto.Mi [&hellip;]<\/p>\n","protected":false},"author":2,"featured_media":1810,"comment_status":"open","ping_status":"open","sticky":false,"template":"","format":"standard","meta":{"_et_pb_use_builder":"on","_et_pb_old_content":"","_et_gb_content_width":""},"categories":[4],"tags":[],"_links":{"self":[{"href":"https:\/\/www.compagniaditurismoecultura.it\/blog\/wp-json\/wp\/v2\/posts\/1802"}],"collection":[{"href":"https:\/\/www.compagniaditurismoecultura.it\/blog\/wp-json\/wp\/v2\/posts"}],"about":[{"href":"https:\/\/www.compagniaditurismoecultura.it\/blog\/wp-json\/wp\/v2\/types\/post"}],"author":[{"embeddable":true,"href":"https:\/\/www.compagniaditurismoecultura.it\/blog\/wp-json\/wp\/v2\/users\/2"}],"replies":[{"embeddable":true,"href":"https:\/\/www.compagniaditurismoecultura.it\/blog\/wp-json\/wp\/v2\/comments?post=1802"}],"version-history":[{"count":6,"href":"https:\/\/www.compagniaditurismoecultura.it\/blog\/wp-json\/wp\/v2\/posts\/1802\/revisions"}],"predecessor-version":[{"id":2287,"href":"https:\/\/www.compagniaditurismoecultura.it\/blog\/wp-json\/wp\/v2\/posts\/1802\/revisions\/2287"}],"wp:featuredmedia":[{"embeddable":true,"href":"https:\/\/www.compagniaditurismoecultura.it\/blog\/wp-json\/wp\/v2\/media\/1810"}],"wp:attachment":[{"href":"https:\/\/www.compagniaditurismoecultura.it\/blog\/wp-json\/wp\/v2\/media?parent=1802"}],"wp:term":[{"taxonomy":"category","embeddable":true,"href":"https:\/\/www.compagniaditurismoecultura.it\/blog\/wp-json\/wp\/v2\/categories?post=1802"},{"taxonomy":"post_tag","embeddable":true,"href":"https:\/\/www.compagniaditurismoecultura.it\/blog\/wp-json\/wp\/v2\/tags?post=1802"}],"curies":[{"name":"wp","href":"https:\/\/api.w.org\/{rel}","templated":true}]}}