{"id":1737,"date":"2021-04-07T15:55:07","date_gmt":"2021-04-07T13:55:07","guid":{"rendered":"https:\/\/www.compagniaditurismoecultura.it\/blog\/?p=1737"},"modified":"2021-07-07T20:24:52","modified_gmt":"2021-07-07T18:24:52","slug":"paralleli-meridiani-15","status":"publish","type":"post","link":"https:\/\/www.compagniaditurismoecultura.it\/blog\/paralleli-meridiani-15\/","title":{"rendered":"Paralleli e Meridiani n. 15"},"content":{"rendered":"<p>[et_pb_section fb_built=&#8221;1&#8243; admin_label=&#8221;Tour CTA &#038; Information Section&#8221; _builder_version=&#8221;3.22&#8243; custom_padding=&#8221;0px|0px|0px|0px|false|false&#8221;][et_pb_row column_structure=&#8221;1_2,1_2&#8243; admin_label=&#8221;Tour CTA &#038; Information Row&#8221; _builder_version=&#8221;3.25&#8243;][et_pb_column type=&#8221;1_2&#8243; _builder_version=&#8221;3.25&#8243; custom_padding=&#8221;|||&#8221; custom_padding__hover=&#8221;|||&#8221;][et_pb_cta title=&#8221;Earth without %22art%22 is just %22Eh%22&#8243; button_url=&#8221;#TOP&#8221; _builder_version=&#8221;4.9.7&#8243; header_font=&#8221;Noto Serif|700|||||||&#8221; header_font_size=&#8221;44px&#8221; header_line_height=&#8221;1.5em&#8221; body_font=&#8221;Noto Sans||||||||&#8221; body_text_align=&#8221;right&#8221; body_font_size=&#8221;17px&#8221; body_line_height=&#8221;2em&#8221; use_background_color=&#8221;off&#8221; custom_button=&#8221;on&#8221; button_text_size=&#8221;17px&#8221; button_text_color=&#8221;#ffffff&#8221; button_bg_color=&#8221;#ff6b5a&#8221; button_border_width=&#8221;10px&#8221; button_border_color=&#8221;#ff6b5a&#8221; button_border_radius=&#8221;100px&#8221; button_font=&#8221;Noto Sans|700||on|||||&#8221; button_use_icon=&#8221;off&#8221; button_alignment=&#8221;right&#8221; text_orientation=&#8221;right&#8221; background_layout=&#8221;light&#8221; max_width=&#8221;480px&#8221; max_width_tablet=&#8221;&#8221; max_width_phone=&#8221;&#8221; max_width_last_edited=&#8221;on|tablet&#8221; module_alignment=&#8221;left&#8221; hover_enabled=&#8221;0&#8243; header_font_size_tablet=&#8221;&#8221; header_font_size_phone=&#8221;34px&#8221; header_font_size_last_edited=&#8221;on|phone&#8221; button_text_color_hover=&#8221;#ffffff&#8221; button_border_color_hover=&#8221;#ff9e59&#8243; button_bg_color_hover=&#8221;#ff9e59&#8243; button_text_size__hover_enabled=&#8221;off&#8221; button_one_text_size__hover_enabled=&#8221;off&#8221; button_two_text_size__hover_enabled=&#8221;off&#8221; button_text_color__hover_enabled=&#8221;on&#8221; button_text_color__hover=&#8221;#ffffff&#8221; button_one_text_color__hover_enabled=&#8221;off&#8221; button_two_text_color__hover_enabled=&#8221;off&#8221; button_border_width__hover_enabled=&#8221;off&#8221; button_one_border_width__hover_enabled=&#8221;off&#8221; button_two_border_width__hover_enabled=&#8221;off&#8221; button_border_color__hover_enabled=&#8221;on&#8221; button_border_color__hover=&#8221;#ff9e59&#8243; button_one_border_color__hover_enabled=&#8221;off&#8221; button_two_border_color__hover_enabled=&#8221;off&#8221; button_border_radius__hover_enabled=&#8221;off&#8221; button_one_border_radius__hover_enabled=&#8221;off&#8221; button_two_border_radius__hover_enabled=&#8221;off&#8221; button_letter_spacing__hover_enabled=&#8221;off&#8221; button_one_letter_spacing__hover_enabled=&#8221;off&#8221; button_two_letter_spacing__hover_enabled=&#8221;off&#8221; button_bg_color__hover_enabled=&#8221;on&#8221; button_bg_color__hover=&#8221;#ff9e59&#8243; button_one_bg_color__hover_enabled=&#8221;off&#8221; button_two_bg_color__hover_enabled=&#8221;off&#8221; sticky_enabled=&#8221;0&#8243;][\/et_pb_cta][\/et_pb_column][et_pb_column type=&#8221;1_2&#8243; _builder_version=&#8221;3.25&#8243; custom_padding=&#8221;|||&#8221; custom_padding__hover=&#8221;|||&#8221;][et_pb_post_title title=&#8221;off&#8221; date_format=&#8221;d M Y&#8221; featured_image=&#8221;off&#8221; _builder_version=&#8221;4.9.7&#8243; _module_preset=&#8221;default&#8221; locked=&#8221;off&#8221;][\/et_pb_post_title][\/et_pb_column][\/et_pb_row][et_pb_row _builder_version=&#8221;4.7.7&#8243; _module_preset=&#8221;default&#8221;][et_pb_column type=&#8221;4_4&#8243; _builder_version=&#8221;4.7.7&#8243; _module_preset=&#8221;default&#8221;][et_pb_image src=&#8221;https:\/\/www.compagniaditurismoecultura.it\/blog\/wp-content\/uploads\/2021\/04\/Sfondo-sito-1.jpg&#8221; title_text=&#8221;Sfondo sito (1)&#8221; _builder_version=&#8221;4.9.3&#8243; _module_preset=&#8221;default&#8221;][\/et_pb_image][et_pb_text _builder_version=&#8221;4.9.7&#8243; text_font=&#8221;||||||||&#8221; text_font_size=&#8221;17px&#8221; text_line_height=&#8221;2em&#8221; link_font=&#8221;||||||||&#8221; ul_font=&#8221;||||||||&#8221; ol_font=&#8221;||||||||&#8221; quote_font=&#8221;||||||||&#8221; header_font=&#8221;||||||||&#8221; header_2_font=&#8221;||||||||&#8221; header_5_font=&#8221;|700|||||||&#8221; header_5_text_color=&#8221;#000000&#8243; header_5_font_size=&#8221;20px&#8221; header_5_line_height=&#8221;2em&#8221; custom_margin=&#8221;||1px|||&#8221; custom_padding=&#8221;12px||0px|||&#8221;]<\/p>\n<h5>Parte II. Virtual tour in Italia, Europa, Mondo.<\/h5>\n<p>[\/et_pb_text][et_pb_text _builder_version=&#8221;4.9.3&#8243; text_font=&#8221;Noto Sans||on||||||&#8221; text_font_size=&#8221;17px&#8221; text_line_height=&#8221;2em&#8221; header_font=&#8221;||||||||&#8221; header_2_font_size=&#8221;20px&#8221; max_width=&#8221;800px&#8221; max_width_tablet=&#8221;&#8221; max_width_phone=&#8221;&#8221; max_width_last_edited=&#8221;on|phone&#8221; module_alignment=&#8221;center&#8221; custom_padding=&#8221;|||&#8221;]<\/p>\n<p>Dicevamo\u2026<br \/>\u201c&#8230;Queste sono, chiaramente, solo alcune delle opere d\u2019arte di cui i nostri musei oggi sono costretti a fare a meno. Quei musei di cui oggi sentiamo cos\u00ec forte la mancanza. Quei musei chiusi e cristallizzati da oltre un anno ormai. Quei musei che per\u00f2 si sono ingegnati per permetterci di goderne comunque; in modo diverso, ovviamente, ma senza dovervi cos\u00ec rinunciare totalmente.<\/p>\n<p>Girovagando sul web mi sono infatti imbattuta in due meravigliose e possibili strade per portare un po\u2019 dell\u2019arte di tutto il Mondo direttamente sul nostro divano.<\/p>\n<p>La prima possibilit\u00e0 sono quei musei che, autonomamente, si sono creati propri tour virtuali e li hanno pubblicati online, mettendoli a disposizione del pubblico del web.<\/p>\n<p>La seconda ipotesi ce la offre invece Google. Aprendo la nostra mail da web e cliccando sui pallini in alto a destra, abbiamo infatti accesso ad una serie di componenti messe a nostra disposizione dal motore di ricerca. Meet, Drive, Foto, Documenti, Fogli, Presentazioni e Earth, per intenderci, sono alcuni di questi. Ma quello su cui mi vorrei soffermare oggi \u00e8 Google Arts &amp; Culture.<\/p>\n<p>Com\u2019\u00e8 facilmente deducibile, al momento si tratta di un componente quasi totalmente scritto in lingua inglese ma davvero, davvero, ricco di arte, cultura e curiosit\u00e0. Totalmente gratuito e accessibile a chiunque lo desideri.\u201d<\/p>\n<p>Eccovi quindi una lista pi\u00f9 dettagliata dei musei che hanno aperto gratuitamente le loro porte ai visitatori virtuali. Mi sono divertita a suddividerli, un po\u2019 come eravamo soliti fare con i nostri meravigliosi viaggi, in Italia, Europa e Mondo.<\/p>\n<p>[\/et_pb_text][\/et_pb_column][\/et_pb_row][\/et_pb_section][et_pb_section fb_built=&#8221;1&#8243; specialty=&#8221;on&#8221; _builder_version=&#8221;4.7.7&#8243; _module_preset=&#8221;default&#8221; custom_padding=&#8221;3px||1px|||&#8221;][et_pb_column type=&#8221;1_2&#8243; _builder_version=&#8221;3.25&#8243; custom_padding=&#8221;|||&#8221; custom_padding__hover=&#8221;|||&#8221;][et_pb_image src=&#8221;https:\/\/www.compagniaditurismoecultura.it\/blog\/wp-content\/uploads\/2021\/04\/uffizi-firenze.jpg&#8221; alt=&#8221;titanic&#8221; title_text=&#8221;uffizi firenze&#8221; _builder_version=&#8221;4.9.3&#8243; _module_preset=&#8221;default&#8221;][\/et_pb_image][\/et_pb_column][et_pb_column type=&#8221;1_2&#8243; specialty_columns=&#8221;2&#8243; _builder_version=&#8221;3.25&#8243; custom_padding=&#8221;|||&#8221; custom_padding__hover=&#8221;|||&#8221;][et_pb_row_inner _builder_version=&#8221;4.7.7&#8243; _module_preset=&#8221;default&#8221; custom_padding=&#8221;||2px|||&#8221;][et_pb_column_inner saved_specialty_column_type=&#8221;1_2&#8243; _builder_version=&#8221;4.7.7&#8243; _module_preset=&#8221;default&#8221;][et_pb_text _builder_version=&#8221;4.9.3&#8243; _module_preset=&#8221;default&#8221; header_2_font=&#8221;|700|on||||||&#8221; header_2_font_size=&#8221;19px&#8221; header_2_line_height=&#8221;1.2em&#8221; custom_padding=&#8221;4px||0px|||&#8221; header_2_font_size_tablet=&#8221;&#8221; header_2_font_size_phone=&#8221;18px&#8221; header_2_font_size_last_edited=&#8221;on|phone&#8221;]<\/p>\n<h2>Italia.<\/h2>\n<p>[\/et_pb_text][\/et_pb_column_inner][\/et_pb_row_inner][et_pb_row_inner _builder_version=&#8221;4.7.7&#8243; _module_preset=&#8221;default&#8221; custom_margin=&#8221;-3px|||||&#8221;][et_pb_column_inner saved_specialty_column_type=&#8221;1_2&#8243; _builder_version=&#8221;4.7.7&#8243; _module_preset=&#8221;default&#8221;][et_pb_text _builder_version=&#8221;4.9.3&#8243; text_font=&#8221;Noto Sans||on||||||&#8221; text_font_size=&#8221;17px&#8221; text_line_height=&#8221;2em&#8221; header_font=&#8221;||||||||&#8221; header_2_font_size=&#8221;20px&#8221; max_width=&#8221;800px&#8221; max_width_tablet=&#8221;&#8221; max_width_phone=&#8221;&#8221; max_width_last_edited=&#8221;on|phone&#8221; module_alignment=&#8221;center&#8221; custom_padding=&#8221;|||&#8221;]<\/p>\n<ul>\n<li>Firenze: Gli Uffizi<\/li>\n<\/ul>\n<p><span><a href=\"https:\/\/www.uffizi.it\/mostre-virtuali\">https:\/\/www.uffizi.it\/mostre-virtuali<\/a><\/span><\/p>\n<p>[\/et_pb_text][\/et_pb_column_inner][\/et_pb_row_inner][\/et_pb_column][\/et_pb_section][et_pb_section fb_built=&#8221;1&#8243; admin_label=&#8221;Useful Travel Trips&#8221; _builder_version=&#8221;3.22&#8243; custom_padding=&#8221;5px|0px|5px|0px|true|false&#8221;][et_pb_row _builder_version=&#8221;3.25&#8243; custom_padding=&#8221;0px|||||&#8221;][et_pb_column type=&#8221;4_4&#8243; _builder_version=&#8221;3.25&#8243; custom_padding=&#8221;|||&#8221; custom_padding__hover=&#8221;|||&#8221;][et_pb_text _builder_version=&#8221;4.9.3&#8243; text_font=&#8221;Noto Sans||on||||||&#8221; text_font_size=&#8221;17px&#8221; text_line_height=&#8221;2em&#8221; header_font=&#8221;||||||||&#8221; header_2_font_size=&#8221;20px&#8221; max_width=&#8221;800px&#8221; max_width_tablet=&#8221;&#8221; max_width_phone=&#8221;&#8221; max_width_last_edited=&#8221;on|phone&#8221; module_alignment=&#8221;center&#8221; custom_padding=&#8221;|||&#8221;]<\/p>\n<ul>\n<li>Roma: Musei Vaticani<\/li>\n<\/ul>\n<p><span><a href=\"https:\/\/www.museivaticani.va\/content\/museivaticani\/it\/collezioni\/musei\/tour-virtuali-elenco.1.html\">https:\/\/www.museivaticani.va\/content\/museivaticani\/it\/collezioni\/musei\/tour-virtuali-elenco.1.html<\/a><\/span><\/p>\n<ul>\n<li>Milano: Pinacoteca di Brera e Duomo<\/li>\n<\/ul>\n<p><span><a href=\"https:\/\/pinacotecabrera.org\/virtualtour\/start.html\">https:\/\/pinacotecabrera.org\/virtualtour\/start.html<\/a><\/span><\/p>\n<p><span><a href=\"https:\/\/www.duomomilano.it\/it\/vr\/\">https:\/\/www.duomomilano.it\/it\/vr\/<\/a><\/span><\/p>\n<ul>\n<li>Napoli: Museo Archeologico e Museo di Capodimonte<\/li>\n<\/ul>\n<p><span><a href=\"https:\/\/www.museoarcheologiconapoli.it\/it\/tour-virtuale-lascaux-3-0\/\">https:\/\/www.museoarcheologiconapoli.it\/it\/tour-virtuale-lascaux-3-0\/<\/a><\/span><\/p>\n<p><span><a href=\"https:\/\/artsandculture.google.com\/partner\/museo-e-real-bosco-di-capodimonte\">https:\/\/artsandculture.google.com\/partner\/museo-e-real-bosco-di-capodimonte<\/a><\/span><\/p>\n<ul>\n<li>Cagliari: Museo Archeologico Nazionale<\/li>\n<\/ul>\n<p><span><a href=\"http:\/\/www.teravista.it\/museo_archeologico_cagliari\/\">http:\/\/www.teravista.it\/museo_archeologico_cagliari\/<\/a><\/span><\/p>\n<ul>\n<li>Venezia: Palazzo Ducale<\/li>\n<\/ul>\n<p><span><a href=\"https:\/\/www.visitmuve.it\/it\/virtual-tour\/\">https:\/\/www.visitmuve.it\/it\/virtual-tour\/<\/a><\/span><\/p>\n<p>[\/et_pb_text][\/et_pb_column][\/et_pb_row][\/et_pb_section][et_pb_section fb_built=&#8221;1&#8243; specialty=&#8221;on&#8221; _builder_version=&#8221;4.7.7&#8243; _module_preset=&#8221;default&#8221; custom_padding=&#8221;3px||1px|||&#8221;][et_pb_column type=&#8221;1_2&#8243; _builder_version=&#8221;3.25&#8243; custom_padding=&#8221;|||&#8221; custom_padding__hover=&#8221;|||&#8221;][et_pb_image src=&#8221;https:\/\/www.compagniaditurismoecultura.it\/blog\/wp-content\/uploads\/2021\/04\/guggenheim-bilbao.jpg&#8221; alt=&#8221;maldive&#8221; title_text=&#8221;guggenheim bilbao&#8221; _builder_version=&#8221;4.9.3&#8243; _module_preset=&#8221;default&#8221;][\/et_pb_image][\/et_pb_column][et_pb_column type=&#8221;1_2&#8243; specialty_columns=&#8221;2&#8243; _builder_version=&#8221;3.25&#8243; custom_padding=&#8221;|||&#8221; custom_padding__hover=&#8221;|||&#8221;][et_pb_row_inner _builder_version=&#8221;4.7.7&#8243; _module_preset=&#8221;default&#8221; custom_padding=&#8221;||2px|||&#8221;][et_pb_column_inner saved_specialty_column_type=&#8221;1_2&#8243; _builder_version=&#8221;4.7.7&#8243; _module_preset=&#8221;default&#8221;][et_pb_text _builder_version=&#8221;4.9.3&#8243; _module_preset=&#8221;default&#8221; header_2_font=&#8221;|700|on||||||&#8221; header_2_font_size=&#8221;19px&#8221; header_2_line_height=&#8221;1.2em&#8221; custom_padding=&#8221;4px||0px|||&#8221; header_2_font_size_tablet=&#8221;&#8221; header_2_font_size_phone=&#8221;18px&#8221; header_2_font_size_last_edited=&#8221;on|phone&#8221;]<\/p>\n<h2>Europa.<\/h2>\n<p>[\/et_pb_text][\/et_pb_column_inner][\/et_pb_row_inner][et_pb_row_inner _builder_version=&#8221;4.7.7&#8243; _module_preset=&#8221;default&#8221; custom_margin=&#8221;-3px|||||&#8221;][et_pb_column_inner saved_specialty_column_type=&#8221;1_2&#8243; _builder_version=&#8221;4.7.7&#8243; _module_preset=&#8221;default&#8221;][et_pb_text _builder_version=&#8221;4.9.3&#8243; text_font=&#8221;Noto Sans||on||||||&#8221; text_font_size=&#8221;17px&#8221; text_line_height=&#8221;2em&#8221; header_font=&#8221;||||||||&#8221; header_2_font_size=&#8221;20px&#8221; max_width=&#8221;800px&#8221; max_width_tablet=&#8221;&#8221; max_width_phone=&#8221;&#8221; max_width_last_edited=&#8221;on|phone&#8221; module_alignment=&#8221;center&#8221; custom_padding=&#8221;|||&#8221;]<\/p>\n<ul><\/ul>\n<ul>\n<li>Bilbao: Guggenheim Museum<\/li>\n<\/ul>\n<p><span><a href=\"https:\/\/artsandculture.google.com\/project\/guggenheim-bilbao\">https:\/\/artsandculture.google.com\/project\/guggenheim-bilbao<\/a><\/span><\/p>\n<p>[\/et_pb_text][\/et_pb_column_inner][\/et_pb_row_inner][\/et_pb_column][\/et_pb_section][et_pb_section fb_built=&#8221;1&#8243; admin_label=&#8221;Useful Travel Trips&#8221; _builder_version=&#8221;3.22&#8243; custom_padding=&#8221;5px|0px|5px|0px|true|false&#8221;][et_pb_row _builder_version=&#8221;3.25&#8243; custom_padding=&#8221;0px||3px|||&#8221;][et_pb_column type=&#8221;4_4&#8243; _builder_version=&#8221;3.25&#8243; custom_padding=&#8221;|||&#8221; custom_padding__hover=&#8221;|||&#8221;][et_pb_text _builder_version=&#8221;4.9.3&#8243; text_font=&#8221;Noto Sans||on||||||&#8221; text_font_size=&#8221;17px&#8221; text_line_height=&#8221;2em&#8221; header_font=&#8221;||||||||&#8221; header_2_font_size=&#8221;20px&#8221; max_width=&#8221;800px&#8221; max_width_tablet=&#8221;&#8221; max_width_phone=&#8221;&#8221; max_width_last_edited=&#8221;on|phone&#8221; module_alignment=&#8221;center&#8221; custom_padding=&#8221;|||&#8221;]<\/p>\n<ul>\n<li>Parigi: Mus\u00e9e d\u2019Orsay, Versailles e Mus\u00e9e de l\u2019Orangerie<\/li>\n<\/ul>\n<p><span><a href=\"https:\/\/artsandculture.google.com\/partner\/musee-dorsay-parishttps:\/artsandculture.google.com\/partner\/musee-dorsay-paris\">https:\/\/artsandculture.google.com\/partner\/musee-dorsay-parishttps:\/\/artsandculture.google.com\/partner\/musee-dorsay-paris<\/a><\/span><\/p>\n<p><span><a href=\"https:\/\/artsandculture.google.com\/project\/versailles\">https:\/\/artsandculture.google.com\/project\/versailles<\/a><\/span><\/p>\n<p><span><a href=\"https:\/\/www.musee-orangerie.fr\/en\/article\/water-lilies-virtual-visit\">https:\/\/www.musee-orangerie.fr\/en\/article\/water-lilies-virtual-visit<\/a><\/span><\/p>\n<ul>\n<li>Londra: National Gallery e British Museum<\/li>\n<\/ul>\n<p><span><a href=\"https:\/\/www.nationalgallery.org.uk\/visiting\/virtual-tours\">https:\/\/www.nationalgallery.org.uk\/visiting\/virtual-tours<\/a><\/span><\/p>\n<p><span><a href=\"https:\/\/artsandculture.google.com\/partner\/the-british-museum\">https:\/\/artsandculture.google.com\/partner\/the-british-museum<\/a><\/span><\/p>\n<ul>\n<li>Amsterdam: Van Gogh Museum<\/li>\n<\/ul>\n<p><span><a href=\"https:\/\/www.vangoghmuseum.nl\/en\/visit\/enjoy-the-museum-from-home#art\">https:\/\/www.vangoghmuseum.nl\/en\/visit\/enjoy-the-museum-from-home#art<\/a><\/span><\/p>\n<ul>\n<li>Madrid: Museo del Prado<\/li>\n<\/ul>\n<p><span><a href=\"https:\/\/www.museodelprado.es\/en\/whats-on\/multimedia\/rubens-360\/03ee91a3-f7b6-4bf3-baa4-f23aff4c48ae\">https:\/\/www.museodelprado.es\/en\/whats-on\/multimedia\/rubens-360\/03ee91a3-f7b6-4bf3-baa4-f23aff4c48ae<\/a><\/span><\/p>\n<ul>\n<li>Figueres (Catalogna): Teatro-Museo Dal\u00ec<\/li>\n<\/ul>\n<p><span><a href=\"https:\/\/www.salvador-dali.org\/en\/museums\/dali-theatre-museum-in-figueres\/visita-virtual\/\">https:\/\/www.salvador-dali.org\/en\/museums\/dali-theatre-museum-in-figueres\/visita-virtual\/<\/a><\/span><\/p>\n<ul>\n<li>Atene: Museo Archeologico<\/li>\n<\/ul>\n<p><span><a href=\"http:\/\/www.thiasos.eu\/sitografia\/visite-virtuali\/\">http:\/\/www.thiasos.eu\/sitografia\/visite-virtuali\/<\/a><\/span><\/p>\n<ul>\n<li>San Pietroburgo: Hermitage<\/li>\n<\/ul>\n<p><span><a href=\"https:\/\/pano.hermitagemuseum.org\/3d\/html\/pwoaen\/main\/#node338\">https:\/\/pano.hermitagemuseum.org\/3d\/html\/pwoaen\/main\/#node338<\/a><\/span><\/p>\n<ul>\n<li>Polonia: Auschwitz-Birkenau Museum<\/li>\n<\/ul>\n<p><a href=\"https:\/\/panorama.auschwitz.org\/tour1,en.html\"><span>https:\/\/panorama.auschwitz.org\/tour1,en.html<\/span><\/a><\/p>\n<p>[\/et_pb_text][\/et_pb_column][\/et_pb_row][\/et_pb_section][et_pb_section fb_built=&#8221;1&#8243; specialty=&#8221;on&#8221; _builder_version=&#8221;4.7.7&#8243; _module_preset=&#8221;default&#8221; custom_padding=&#8221;3px||1px|||&#8221;][et_pb_column type=&#8221;1_2&#8243; _builder_version=&#8221;3.25&#8243; custom_padding=&#8221;|||&#8221; custom_padding__hover=&#8221;|||&#8221;][et_pb_image src=&#8221;https:\/\/www.compagniaditurismoecultura.it\/blog\/wp-content\/uploads\/2021\/04\/frida-kalo.jpg&#8221; alt=&#8221;maldive&#8221; title_text=&#8221;frida kalo&#8221; _builder_version=&#8221;4.9.3&#8243; _module_preset=&#8221;default&#8221;][\/et_pb_image][\/et_pb_column][et_pb_column type=&#8221;1_2&#8243; specialty_columns=&#8221;2&#8243; _builder_version=&#8221;3.25&#8243; custom_padding=&#8221;|||&#8221; custom_padding__hover=&#8221;|||&#8221;][et_pb_row_inner _builder_version=&#8221;4.7.7&#8243; _module_preset=&#8221;default&#8221; custom_padding=&#8221;||2px|||&#8221;][et_pb_column_inner saved_specialty_column_type=&#8221;1_2&#8243; _builder_version=&#8221;4.7.7&#8243; _module_preset=&#8221;default&#8221;][et_pb_text _builder_version=&#8221;4.9.3&#8243; _module_preset=&#8221;default&#8221; header_2_font=&#8221;|700|on||||||&#8221; header_2_font_size=&#8221;19px&#8221; header_2_line_height=&#8221;1.2em&#8221; custom_padding=&#8221;4px||0px|||&#8221; header_2_font_size_tablet=&#8221;&#8221; header_2_font_size_phone=&#8221;18px&#8221; header_2_font_size_last_edited=&#8221;on|phone&#8221;]<\/p>\n<h2>Mondo.<\/h2>\n<p>[\/et_pb_text][et_pb_text _builder_version=&#8221;4.9.3&#8243; text_font=&#8221;Noto Sans||on||||||&#8221; text_font_size=&#8221;17px&#8221; text_line_height=&#8221;2em&#8221; header_font=&#8221;||||||||&#8221; header_2_font_size=&#8221;20px&#8221; max_width=&#8221;800px&#8221; max_width_tablet=&#8221;&#8221; max_width_phone=&#8221;&#8221; max_width_last_edited=&#8221;on|phone&#8221; module_alignment=&#8221;center&#8221; custom_padding=&#8221;|||&#8221;]<\/p>\n<ul>\n<li>Citt\u00e0 del Messico: Museo Frida Kahlo<\/li>\n<\/ul>\n<p><span><a href=\"https:\/\/www.museofridakahlo.org.mx\/en\/the-blue-house\/virtual-tour\/\">https:\/\/www.museofridakahlo.org.mx\/en\/the-blue-house\/virtual-tour\/<\/a> <\/span><\/p>\n<ul><\/ul>\n<p>&nbsp;<\/p>\n<p>[\/et_pb_text][\/et_pb_column_inner][\/et_pb_row_inner][\/et_pb_column][\/et_pb_section][et_pb_section fb_built=&#8221;1&#8243; admin_label=&#8221;Useful Travel Trips&#8221; _builder_version=&#8221;3.22&#8243; custom_padding=&#8221;5px|0px|5px|0px|true|false&#8221;][et_pb_row _builder_version=&#8221;3.25&#8243; custom_padding=&#8221;0px||3px|||&#8221;][et_pb_column type=&#8221;4_4&#8243; _builder_version=&#8221;3.25&#8243; custom_padding=&#8221;|||&#8221; custom_padding__hover=&#8221;|||&#8221;][et_pb_text _builder_version=&#8221;4.9.3&#8243; text_font=&#8221;Noto Sans||on||||||&#8221; text_font_size=&#8221;17px&#8221; text_line_height=&#8221;2em&#8221; header_font=&#8221;||||||||&#8221; header_2_font_size=&#8221;20px&#8221; max_width=&#8221;800px&#8221; max_width_tablet=&#8221;&#8221; max_width_phone=&#8221;&#8221; max_width_last_edited=&#8221;on|phone&#8221; module_alignment=&#8221;center&#8221; custom_padding=&#8221;|||&#8221;]<\/p>\n<ul>\n<li>San Paolo: MASP &#8211; Museu de Arte de S\u00e3o Paulo Assis Chateaubriand<\/li>\n<\/ul>\n<p><a href=\"https:\/\/artsandculture.google.com\/partner\/masp\"><span>https:\/\/artsandculture.google.com\/partner\/masp<\/span><\/a><\/p>\n<ul>\n<li>Washington DC: Museo Nazionale di Storia Naturale<\/li>\n<\/ul>\n<p><span><a href=\"https:\/\/naturalhistory.si.edu\/visit\/virtual-tour\">https:\/\/naturalhistory.si.edu\/visit\/virtual-tour<\/a> <\/span><\/p>\n<ul>\n<li>New York City: Metropolitan Museum<\/li>\n<\/ul>\n<p><a href=\"https:\/\/www.metmuseum.org\/art\/online-features\/met-360-project\"><span>https:\/\/www.metmuseum.org\/art\/online-features\/met-360-project<\/span><\/a><\/p>\n<p>[\/et_pb_text][\/et_pb_column][\/et_pb_row][\/et_pb_section][et_pb_section fb_built=&#8221;1&#8243; admin_label=&#8221;Useful Travel Trips&#8221; _builder_version=&#8221;3.22&#8243; custom_padding=&#8221;5px|0px|5px|0px|true|false&#8221;][et_pb_row _builder_version=&#8221;3.25&#8243; custom_padding=&#8221;0px||3px|||&#8221;][et_pb_column type=&#8221;4_4&#8243; _builder_version=&#8221;3.25&#8243; custom_padding=&#8221;|||&#8221; custom_padding__hover=&#8221;|||&#8221;][et_pb_text _builder_version=&#8221;4.9.3&#8243; text_font=&#8221;Noto Sans||on||||||&#8221; text_font_size=&#8221;17px&#8221; text_line_height=&#8221;2em&#8221; header_font=&#8221;||||||||&#8221; header_2_font_size=&#8221;20px&#8221; max_width=&#8221;800px&#8221; max_width_tablet=&#8221;&#8221; max_width_phone=&#8221;&#8221; max_width_last_edited=&#8221;on|phone&#8221; module_alignment=&#8221;center&#8221; custom_padding=&#8221;|||&#8221;]<\/p>\n<p>Buona visione<\/p>\n<p>[\/et_pb_text][\/et_pb_column][\/et_pb_row][\/et_pb_section]<\/p>\n","protected":false},"excerpt":{"rendered":"<p>Parte II. Virtual tour in Italia, Europa, Mondo.Dicevamo\u2026\u201c&#8230;Queste sono, chiaramente, solo alcune delle opere d\u2019arte di cui i nostri musei oggi sono costretti a fare a meno. Quei musei di cui oggi sentiamo cos\u00ec forte la mancanza. Quei musei chiusi e cristallizzati da oltre un anno ormai. Quei musei che per\u00f2 si sono ingegnati per [&hellip;]<\/p>\n","protected":false},"author":3,"featured_media":0,"comment_status":"open","ping_status":"open","sticky":false,"template":"","format":"standard","meta":{"_et_pb_use_builder":"on","_et_pb_old_content":"","_et_gb_content_width":""},"categories":[1],"tags":[],"_links":{"self":[{"href":"https:\/\/www.compagniaditurismoecultura.it\/blog\/wp-json\/wp\/v2\/posts\/1737"}],"collection":[{"href":"https:\/\/www.compagniaditurismoecultura.it\/blog\/wp-json\/wp\/v2\/posts"}],"about":[{"href":"https:\/\/www.compagniaditurismoecultura.it\/blog\/wp-json\/wp\/v2\/types\/post"}],"author":[{"embeddable":true,"href":"https:\/\/www.compagniaditurismoecultura.it\/blog\/wp-json\/wp\/v2\/users\/3"}],"replies":[{"embeddable":true,"href":"https:\/\/www.compagniaditurismoecultura.it\/blog\/wp-json\/wp\/v2\/comments?post=1737"}],"version-history":[{"count":7,"href":"https:\/\/www.compagniaditurismoecultura.it\/blog\/wp-json\/wp\/v2\/posts\/1737\/revisions"}],"predecessor-version":[{"id":2381,"href":"https:\/\/www.compagniaditurismoecultura.it\/blog\/wp-json\/wp\/v2\/posts\/1737\/revisions\/2381"}],"wp:attachment":[{"href":"https:\/\/www.compagniaditurismoecultura.it\/blog\/wp-json\/wp\/v2\/media?parent=1737"}],"wp:term":[{"taxonomy":"category","embeddable":true,"href":"https:\/\/www.compagniaditurismoecultura.it\/blog\/wp-json\/wp\/v2\/categories?post=1737"},{"taxonomy":"post_tag","embeddable":true,"href":"https:\/\/www.compagniaditurismoecultura.it\/blog\/wp-json\/wp\/v2\/tags?post=1737"}],"curies":[{"name":"wp","href":"https:\/\/api.w.org\/{rel}","templated":true}]}}