{"id":1708,"date":"2021-03-31T10:53:18","date_gmt":"2021-03-31T08:53:18","guid":{"rendered":"https:\/\/www.compagniaditurismoecultura.it\/blog\/?p=1708"},"modified":"2021-07-07T20:25:25","modified_gmt":"2021-07-07T18:25:25","slug":"paralleli-meridiani-14","status":"publish","type":"post","link":"https:\/\/www.compagniaditurismoecultura.it\/blog\/paralleli-meridiani-14\/","title":{"rendered":"Paralleli e Meridiani n. 14"},"content":{"rendered":"<p>[et_pb_section fb_built=&#8221;1&#8243; admin_label=&#8221;Tour CTA &#038; Information Section&#8221; _builder_version=&#8221;3.22&#8243; custom_padding=&#8221;0px|0px|0px|0px|false|false&#8221;][et_pb_row column_structure=&#8221;1_2,1_2&#8243; admin_label=&#8221;Tour CTA &#038; Information Row&#8221; _builder_version=&#8221;3.25&#8243;][et_pb_column type=&#8221;1_2&#8243; _builder_version=&#8221;3.25&#8243; custom_padding=&#8221;|||&#8221; custom_padding__hover=&#8221;|||&#8221;][et_pb_cta title=&#8221;Earth without %22art%22 is just %22Eh%22&#8243; button_url=&#8221;#TOP&#8221; _builder_version=&#8221;4.9.7&#8243; header_font=&#8221;Noto Serif|700|||||||&#8221; header_font_size=&#8221;44px&#8221; header_line_height=&#8221;1.5em&#8221; body_font=&#8221;Noto Sans||||||||&#8221; body_text_align=&#8221;right&#8221; body_font_size=&#8221;17px&#8221; body_line_height=&#8221;2em&#8221; use_background_color=&#8221;off&#8221; custom_button=&#8221;on&#8221; button_text_size=&#8221;17px&#8221; button_text_color=&#8221;#ffffff&#8221; button_bg_color=&#8221;#ff6b5a&#8221; button_border_width=&#8221;10px&#8221; button_border_color=&#8221;#ff6b5a&#8221; button_border_radius=&#8221;100px&#8221; button_font=&#8221;Noto Sans|700||on|||||&#8221; button_use_icon=&#8221;off&#8221; button_alignment=&#8221;right&#8221; text_orientation=&#8221;right&#8221; background_layout=&#8221;light&#8221; max_width=&#8221;480px&#8221; max_width_tablet=&#8221;&#8221; max_width_phone=&#8221;&#8221; max_width_last_edited=&#8221;on|tablet&#8221; module_alignment=&#8221;left&#8221; hover_enabled=&#8221;0&#8243; header_font_size_tablet=&#8221;&#8221; header_font_size_phone=&#8221;34px&#8221; header_font_size_last_edited=&#8221;on|phone&#8221; button_text_color_hover=&#8221;#ffffff&#8221; button_border_color_hover=&#8221;#ff9e59&#8243; button_bg_color_hover=&#8221;#ff9e59&#8243; button_text_size__hover_enabled=&#8221;off&#8221; button_one_text_size__hover_enabled=&#8221;off&#8221; button_two_text_size__hover_enabled=&#8221;off&#8221; button_text_color__hover_enabled=&#8221;on&#8221; button_text_color__hover=&#8221;#ffffff&#8221; button_one_text_color__hover_enabled=&#8221;off&#8221; button_two_text_color__hover_enabled=&#8221;off&#8221; button_border_width__hover_enabled=&#8221;off&#8221; button_one_border_width__hover_enabled=&#8221;off&#8221; button_two_border_width__hover_enabled=&#8221;off&#8221; button_border_color__hover_enabled=&#8221;on&#8221; button_border_color__hover=&#8221;#ff9e59&#8243; button_one_border_color__hover_enabled=&#8221;off&#8221; button_two_border_color__hover_enabled=&#8221;off&#8221; button_border_radius__hover_enabled=&#8221;off&#8221; button_one_border_radius__hover_enabled=&#8221;off&#8221; button_two_border_radius__hover_enabled=&#8221;off&#8221; button_letter_spacing__hover_enabled=&#8221;off&#8221; button_one_letter_spacing__hover_enabled=&#8221;off&#8221; button_two_letter_spacing__hover_enabled=&#8221;off&#8221; button_bg_color__hover_enabled=&#8221;on&#8221; button_bg_color__hover=&#8221;#ff9e59&#8243; button_one_bg_color__hover_enabled=&#8221;off&#8221; button_two_bg_color__hover_enabled=&#8221;off&#8221; sticky_enabled=&#8221;0&#8243;][\/et_pb_cta][et_pb_text _builder_version=&#8221;4.9.2&#8243; _module_preset=&#8221;default&#8221; custom_padding=&#8221;0px||0px|||&#8221;]<\/p>\n<p><i><span style=\"font-weight: 400;\">Ispirato a \u201cCosa vedremmo al museo dei capolavori rubati?\u201d (Focus D&amp;R).<\/span><\/i><\/p>\n<p>[\/et_pb_text][\/et_pb_column][et_pb_column type=&#8221;1_2&#8243; _builder_version=&#8221;3.25&#8243; custom_padding=&#8221;|||&#8221; custom_padding__hover=&#8221;|||&#8221;][et_pb_post_title title=&#8221;off&#8221; date_format=&#8221;d M Y&#8221; featured_image=&#8221;off&#8221; _builder_version=&#8221;4.9.7&#8243; _module_preset=&#8221;default&#8221; locked=&#8221;off&#8221;][\/et_pb_post_title][\/et_pb_column][\/et_pb_row][et_pb_row _builder_version=&#8221;4.7.7&#8243; _module_preset=&#8221;default&#8221;][et_pb_column type=&#8221;4_4&#8243; _builder_version=&#8221;4.7.7&#8243; _module_preset=&#8221;default&#8221;][et_pb_image src=&#8221;https:\/\/www.compagniaditurismoecultura.it\/blog\/wp-content\/uploads\/2021\/03\/Sfondo-sito-4.jpg&#8221; title_text=&#8221;Sfondo sito&#8221; _builder_version=&#8221;4.9.2&#8243; _module_preset=&#8221;default&#8221;][\/et_pb_image][et_pb_text _builder_version=&#8221;4.9.7&#8243; text_font=&#8221;||||||||&#8221; text_font_size=&#8221;17px&#8221; text_line_height=&#8221;2em&#8221; link_font=&#8221;||||||||&#8221; ul_font=&#8221;||||||||&#8221; ol_font=&#8221;||||||||&#8221; quote_font=&#8221;||||||||&#8221; header_font=&#8221;||||||||&#8221; header_2_font=&#8221;||||||||&#8221; header_5_font=&#8221;|700|||||||&#8221; header_5_text_color=&#8221;#000000&#8243; header_5_font_size=&#8221;20px&#8221; header_5_line_height=&#8221;2em&#8221; custom_margin=&#8221;||1px|||&#8221; custom_padding=&#8221;12px||0px|||&#8221;]<\/p>\n<h5>Parte I. Virtual tour al museo dei capolavori rubati.<\/h5>\n<p>[\/et_pb_text][et_pb_text _builder_version=&#8221;4.9.2&#8243; text_font=&#8221;Noto Sans||on||||||&#8221; text_font_size=&#8221;17px&#8221; text_line_height=&#8221;2em&#8221; header_font=&#8221;||||||||&#8221; header_2_font_size=&#8221;20px&#8221; max_width=&#8221;800px&#8221; max_width_tablet=&#8221;&#8221; max_width_phone=&#8221;&#8221; max_width_last_edited=&#8221;on|phone&#8221; module_alignment=&#8221;center&#8221; custom_padding=&#8221;|||&#8221;]<\/p>\n<p><span style=\"font-weight: 400;\">Van Gogh, Monet, Vermeer, Caravaggio. Apparterrebbero a loro e a tanti altri famosi artisti le opere d\u2019arte alla Galleria dei Capolavori rubati. Opere che invece, purtroppo, non \u00e8 pi\u00f9 possibile vedere in alcun museo al Mondo.<\/span><span style=\"font-weight: 400;\"><\/span><\/p>\n<p>[\/et_pb_text][\/et_pb_column][\/et_pb_row][\/et_pb_section][et_pb_section fb_built=&#8221;1&#8243; specialty=&#8221;on&#8221; _builder_version=&#8221;4.7.7&#8243; _module_preset=&#8221;default&#8221; custom_padding=&#8221;3px||1px|||&#8221;][et_pb_column type=&#8221;1_2&#8243; _builder_version=&#8221;3.25&#8243; custom_padding=&#8221;|||&#8221; custom_padding__hover=&#8221;|||&#8221;][et_pb_image src=&#8221;https:\/\/www.compagniaditurismoecultura.it\/blog\/wp-content\/uploads\/2021\/03\/Paralleli-e-Meridiani-2.jpg&#8221; alt=&#8221;titanic&#8221; title_text=&#8221;Paralleli e Meridiani (2)&#8221; _builder_version=&#8221;4.9.2&#8243; _module_preset=&#8221;default&#8221;][\/et_pb_image][\/et_pb_column][et_pb_column type=&#8221;1_2&#8243; specialty_columns=&#8221;2&#8243; _builder_version=&#8221;3.25&#8243; custom_padding=&#8221;|||&#8221; custom_padding__hover=&#8221;|||&#8221;][et_pb_row_inner _builder_version=&#8221;4.7.7&#8243; _module_preset=&#8221;default&#8221; custom_padding=&#8221;||2px|||&#8221;][et_pb_column_inner saved_specialty_column_type=&#8221;1_2&#8243; _builder_version=&#8221;4.7.7&#8243; _module_preset=&#8221;default&#8221;][et_pb_text _builder_version=&#8221;4.9.2&#8243; _module_preset=&#8221;default&#8221; header_2_font=&#8221;|700|on||||||&#8221; header_2_font_size=&#8221;19px&#8221; header_2_line_height=&#8221;1.2em&#8221; custom_padding=&#8221;4px||0px|||&#8221; header_2_font_size_tablet=&#8221;&#8221; header_2_font_size_phone=&#8221;18px&#8221; header_2_font_size_last_edited=&#8221;on|phone&#8221;]<\/p>\n<h2>Monet. Il Ponte di Charing Cross.<\/h2>\n<p>[\/et_pb_text][\/et_pb_column_inner][\/et_pb_row_inner][et_pb_row_inner _builder_version=&#8221;4.7.7&#8243; _module_preset=&#8221;default&#8221; custom_margin=&#8221;-3px|||||&#8221;][et_pb_column_inner saved_specialty_column_type=&#8221;1_2&#8243; _builder_version=&#8221;4.7.7&#8243; _module_preset=&#8221;default&#8221;][et_pb_text _builder_version=&#8221;4.9.2&#8243; text_font=&#8221;Noto Sans||on||||||&#8221; text_font_size=&#8221;17px&#8221; text_line_height=&#8221;2em&#8221; header_font=&#8221;||||||||&#8221; header_2_font_size=&#8221;20px&#8221; max_width=&#8221;800px&#8221; max_width_tablet=&#8221;&#8221; max_width_phone=&#8221;&#8221; max_width_last_edited=&#8221;on|phone&#8221; module_alignment=&#8221;center&#8221; custom_padding=&#8221;|||&#8221;]<\/p>\n<p>Anno: 1901<br \/>Dimensioni: 65 x 100 cm<br \/>Tecnica: olio su tela<br \/>Valore stimato: 50 milioni di dollari<\/p>\n<p>[\/et_pb_text][\/et_pb_column_inner][\/et_pb_row_inner][\/et_pb_column][\/et_pb_section][et_pb_section fb_built=&#8221;1&#8243; admin_label=&#8221;Useful Travel Trips&#8221; _builder_version=&#8221;3.22&#8243; custom_padding=&#8221;5px|0px|5px|0px|true|false&#8221;][et_pb_row _builder_version=&#8221;3.25&#8243; custom_padding=&#8221;0px|||||&#8221;][et_pb_column type=&#8221;4_4&#8243; _builder_version=&#8221;3.25&#8243; custom_padding=&#8221;|||&#8221; custom_padding__hover=&#8221;|||&#8221;][et_pb_text _builder_version=&#8221;4.9.2&#8243; text_font=&#8221;Noto Sans||on||||||&#8221; text_font_size=&#8221;17px&#8221; text_line_height=&#8221;2em&#8221; header_font=&#8221;||||||||&#8221; header_2_font_size=&#8221;20px&#8221; max_width=&#8221;800px&#8221; max_width_tablet=&#8221;&#8221; max_width_phone=&#8221;&#8221; max_width_last_edited=&#8221;on|phone&#8221; module_alignment=&#8221;center&#8221; custom_padding=&#8221;|||&#8221;]<\/p>\n<p>Fu rubato insieme ad altri sei dipinti la notte del 16 ottobre 2012 al Kunsthal Museum di Rotterdam. Nel 2013 i ladri vennero arrestati in Romania ma i dipinti non furono mai ritrovati; la madre di uno di loro avrebbe bruciato i dipinti per proteggere il figlio. L\u2019assicurazione risarc\u00ec il museo per 18,1 milioni di euro ma non si sa se furono sufficienti a ripagare la perdita.<\/p>\n<p>[\/et_pb_text][\/et_pb_column][\/et_pb_row][\/et_pb_section][et_pb_section fb_built=&#8221;1&#8243; specialty=&#8221;on&#8221; _builder_version=&#8221;4.7.7&#8243; _module_preset=&#8221;default&#8221; custom_padding=&#8221;3px||1px|||&#8221;][et_pb_column type=&#8221;1_2&#8243; _builder_version=&#8221;3.25&#8243; custom_padding=&#8221;|||&#8221; custom_padding__hover=&#8221;|||&#8221;][et_pb_image src=&#8221;https:\/\/www.compagniaditurismoecultura.it\/blog\/wp-content\/uploads\/2021\/03\/Paralleli-e-Meridiani.jpg&#8221; alt=&#8221;maldive&#8221; title_text=&#8221;Paralleli e Meridiani&#8221; _builder_version=&#8221;4.9.2&#8243; _module_preset=&#8221;default&#8221;][\/et_pb_image][\/et_pb_column][et_pb_column type=&#8221;1_2&#8243; specialty_columns=&#8221;2&#8243; _builder_version=&#8221;3.25&#8243; custom_padding=&#8221;|||&#8221; custom_padding__hover=&#8221;|||&#8221;][et_pb_row_inner _builder_version=&#8221;4.7.7&#8243; _module_preset=&#8221;default&#8221; custom_padding=&#8221;||2px|||&#8221;][et_pb_column_inner saved_specialty_column_type=&#8221;1_2&#8243; _builder_version=&#8221;4.7.7&#8243; _module_preset=&#8221;default&#8221;][et_pb_text _builder_version=&#8221;4.9.2&#8243; _module_preset=&#8221;default&#8221; header_2_font=&#8221;|700|on||||||&#8221; header_2_font_size=&#8221;19px&#8221; header_2_line_height=&#8221;1.2em&#8221; custom_padding=&#8221;4px||0px|||&#8221; header_2_font_size_tablet=&#8221;&#8221; header_2_font_size_phone=&#8221;18px&#8221; header_2_font_size_last_edited=&#8221;on|phone&#8221;]<\/p>\n<h2>Van Gogh. Giardino della canonica a Neunen in primavera.<\/h2>\n<p>[\/et_pb_text][\/et_pb_column_inner][\/et_pb_row_inner][et_pb_row_inner _builder_version=&#8221;4.7.7&#8243; _module_preset=&#8221;default&#8221; custom_margin=&#8221;-3px|||||&#8221;][et_pb_column_inner saved_specialty_column_type=&#8221;1_2&#8243; _builder_version=&#8221;4.7.7&#8243; _module_preset=&#8221;default&#8221;][et_pb_text _builder_version=&#8221;4.9.2&#8243; text_font=&#8221;Noto Sans||on||||||&#8221; text_font_size=&#8221;17px&#8221; text_line_height=&#8221;2em&#8221; header_font=&#8221;||||||||&#8221; header_2_font_size=&#8221;20px&#8221; max_width=&#8221;800px&#8221; max_width_tablet=&#8221;&#8221; max_width_phone=&#8221;&#8221; max_width_last_edited=&#8221;on|phone&#8221; module_alignment=&#8221;center&#8221; custom_padding=&#8221;|||&#8221;]<\/p>\n<p>Anno: 1884<br \/>Dimensioni: 57 x 25 cm<br \/>Tecnica: olio su tela<br \/>Valore stimato: &gt; 100 milioni di dollari<\/p>\n<p>[\/et_pb_text][\/et_pb_column_inner][\/et_pb_row_inner][\/et_pb_column][\/et_pb_section][et_pb_section fb_built=&#8221;1&#8243; admin_label=&#8221;Useful Travel Trips&#8221; _builder_version=&#8221;3.22&#8243; custom_padding=&#8221;5px|0px|5px|0px|true|false&#8221;][et_pb_row _builder_version=&#8221;3.25&#8243; custom_padding=&#8221;0px||3px|||&#8221;][et_pb_column type=&#8221;4_4&#8243; _builder_version=&#8221;3.25&#8243; custom_padding=&#8221;|||&#8221; custom_padding__hover=&#8221;|||&#8221;][et_pb_text _builder_version=&#8221;4.9.2&#8243; text_font=&#8221;Noto Sans||on||||||&#8221; text_font_size=&#8221;17px&#8221; text_line_height=&#8221;2em&#8221; header_font=&#8221;||||||||&#8221; header_2_font_size=&#8221;20px&#8221; max_width=&#8221;800px&#8221; max_width_tablet=&#8221;&#8221; max_width_phone=&#8221;&#8221; max_width_last_edited=&#8221;on|phone&#8221; module_alignment=&#8221;center&#8221; custom_padding=&#8221;|||&#8221;]<\/p>\n<p>Si tratta del primo dipinto a olio di Van Gogh ed \u00e8 stato rubato esattamente un anno fa al Museo Singer Laren, nei Paesi Bassi, mentre l\u2019edificio era chiuso al pubblico a causa del lockdown per contenere la pandemia.<\/p>\n<p>[\/et_pb_text][\/et_pb_column][\/et_pb_row][\/et_pb_section][et_pb_section fb_built=&#8221;1&#8243; specialty=&#8221;on&#8221; _builder_version=&#8221;4.7.7&#8243; _module_preset=&#8221;default&#8221; custom_padding=&#8221;3px||1px|||&#8221;][et_pb_column type=&#8221;1_2&#8243; _builder_version=&#8221;3.25&#8243; custom_padding=&#8221;|||&#8221; custom_padding__hover=&#8221;|||&#8221;][et_pb_image src=&#8221;https:\/\/www.compagniaditurismoecultura.it\/blog\/wp-content\/uploads\/2021\/03\/Paralleli-e-Meridiani-3.jpg&#8221; alt=&#8221;maldive&#8221; title_text=&#8221;Paralleli e Meridiani (3)&#8221; _builder_version=&#8221;4.9.2&#8243; _module_preset=&#8221;default&#8221;][\/et_pb_image][\/et_pb_column][et_pb_column type=&#8221;1_2&#8243; specialty_columns=&#8221;2&#8243; _builder_version=&#8221;3.25&#8243; custom_padding=&#8221;|||&#8221; custom_padding__hover=&#8221;|||&#8221;][et_pb_row_inner _builder_version=&#8221;4.7.7&#8243; _module_preset=&#8221;default&#8221; custom_padding=&#8221;||2px|||&#8221;][et_pb_column_inner saved_specialty_column_type=&#8221;1_2&#8243; _builder_version=&#8221;4.7.7&#8243; _module_preset=&#8221;default&#8221;][et_pb_text _builder_version=&#8221;4.9.2&#8243; _module_preset=&#8221;default&#8221; header_2_font=&#8221;|700|on||||||&#8221; header_2_font_size=&#8221;19px&#8221; header_2_line_height=&#8221;1.2em&#8221; custom_padding=&#8221;4px||0px|||&#8221; header_2_font_size_tablet=&#8221;&#8221; header_2_font_size_phone=&#8221;18px&#8221; header_2_font_size_last_edited=&#8221;on|phone&#8221;]<\/p>\n<h2>Van Gogh. Fiori di papavero<br \/>(la foto rappresenta Van Gogh).<\/h2>\n<p>[\/et_pb_text][et_pb_text _builder_version=&#8221;4.9.2&#8243; text_font=&#8221;Noto Sans||on||||||&#8221; text_font_size=&#8221;17px&#8221; text_line_height=&#8221;2em&#8221; header_font=&#8221;||||||||&#8221; header_2_font_size=&#8221;20px&#8221; max_width=&#8221;800px&#8221; max_width_tablet=&#8221;&#8221; max_width_phone=&#8221;&#8221; max_width_last_edited=&#8221;on|phone&#8221; module_alignment=&#8221;center&#8221; custom_padding=&#8221;|||&#8221;]<\/p>\n<p>Anno: 1887<br \/>Dimensioni: 65 x 54 cm<br \/>Tecnica: olio su tela<br \/>Valore stimato: 60 milioni di dollari<\/p>\n<p>[\/et_pb_text][\/et_pb_column_inner][\/et_pb_row_inner][et_pb_row_inner _builder_version=&#8221;4.7.7&#8243; _module_preset=&#8221;default&#8221; custom_margin=&#8221;-3px|||||&#8221;][et_pb_column_inner saved_specialty_column_type=&#8221;1_2&#8243; _builder_version=&#8221;4.7.7&#8243; _module_preset=&#8221;default&#8221;][\/et_pb_column_inner][\/et_pb_row_inner][\/et_pb_column][\/et_pb_section][et_pb_section fb_built=&#8221;1&#8243; admin_label=&#8221;Useful Travel Trips&#8221; _builder_version=&#8221;3.22&#8243; custom_padding=&#8221;5px|0px|5px|0px|true|false&#8221;][et_pb_row _builder_version=&#8221;3.25&#8243; custom_padding=&#8221;0px||3px|||&#8221;][et_pb_column type=&#8221;4_4&#8243; _builder_version=&#8221;3.25&#8243; custom_padding=&#8221;|||&#8221; custom_padding__hover=&#8221;|||&#8221;][et_pb_text _builder_version=&#8221;4.9.2&#8243; text_font=&#8221;Noto Sans||on||||||&#8221; text_font_size=&#8221;17px&#8221; text_line_height=&#8221;2em&#8221; header_font=&#8221;||||||||&#8221; header_2_font_size=&#8221;20px&#8221; max_width=&#8221;800px&#8221; max_width_tablet=&#8221;&#8221; max_width_phone=&#8221;&#8221; max_width_last_edited=&#8221;on|phone&#8221; module_alignment=&#8221;center&#8221; custom_padding=&#8221;|||&#8221;]<\/p>\n<p>Realizzato da Vincent tre anni prima della sua morte, fu sottratto per la seconda volta al Mohamed Mahmoud Khalil Museum del Cairo il 21 agosto del 2010. La prima volta fu nel 1978 ma fortunatamente venne ritrovato due anni pi\u00f9 tardi. Questa volta, invece, pare se ne siano perse definitivamente le tracce.<\/p>\n<p>[\/et_pb_text][\/et_pb_column][\/et_pb_row][\/et_pb_section][et_pb_section fb_built=&#8221;1&#8243; specialty=&#8221;on&#8221; _builder_version=&#8221;4.7.7&#8243; _module_preset=&#8221;default&#8221; custom_padding=&#8221;3px||1px|||&#8221;][et_pb_column type=&#8221;1_2&#8243; _builder_version=&#8221;3.25&#8243; custom_padding=&#8221;|||&#8221; custom_padding__hover=&#8221;|||&#8221;][et_pb_image src=&#8221;https:\/\/www.compagniaditurismoecultura.it\/blog\/wp-content\/uploads\/2021\/03\/Paralleli-e-Meridiani-4.jpg&#8221; alt=&#8221;maldive&#8221; title_text=&#8221;Paralleli e Meridiani (4)&#8221; _builder_version=&#8221;4.9.2&#8243; _module_preset=&#8221;default&#8221;][\/et_pb_image][\/et_pb_column][et_pb_column type=&#8221;1_2&#8243; specialty_columns=&#8221;2&#8243; _builder_version=&#8221;3.25&#8243; custom_padding=&#8221;|||&#8221; custom_padding__hover=&#8221;|||&#8221;][et_pb_row_inner _builder_version=&#8221;4.7.7&#8243; _module_preset=&#8221;default&#8221; custom_padding=&#8221;||2px|||&#8221;][et_pb_column_inner saved_specialty_column_type=&#8221;1_2&#8243; _builder_version=&#8221;4.7.7&#8243; _module_preset=&#8221;default&#8221;][et_pb_text _builder_version=&#8221;4.9.2&#8243; _module_preset=&#8221;default&#8221; header_2_font=&#8221;|700|on||||||&#8221; header_2_font_size=&#8221;19px&#8221; header_2_line_height=&#8221;1.2em&#8221; custom_padding=&#8221;4px||0px|||&#8221; header_2_font_size_tablet=&#8221;&#8221; header_2_font_size_phone=&#8221;18px&#8221; header_2_font_size_last_edited=&#8221;on|phone&#8221;]<\/p>\n<h2>Caravaggio. Nativit\u00e0 con San Francesco e San Lorenzo (la foto rappresenta Caravaggio nella raffigurazione delle 100 mila lire italiane).<\/h2>\n<p>[\/et_pb_text][\/et_pb_column_inner][\/et_pb_row_inner][et_pb_row_inner _builder_version=&#8221;4.7.7&#8243; _module_preset=&#8221;default&#8221; custom_margin=&#8221;-3px|||||&#8221;][et_pb_column_inner saved_specialty_column_type=&#8221;1_2&#8243; _builder_version=&#8221;4.7.7&#8243; _module_preset=&#8221;default&#8221;][et_pb_text _builder_version=&#8221;4.9.2&#8243; text_font=&#8221;Noto Sans||on||||||&#8221; text_font_size=&#8221;17px&#8221; text_line_height=&#8221;2em&#8221; header_font=&#8221;||||||||&#8221; header_2_font_size=&#8221;20px&#8221; max_width=&#8221;800px&#8221; max_width_tablet=&#8221;&#8221; max_width_phone=&#8221;&#8221; max_width_last_edited=&#8221;on|phone&#8221; module_alignment=&#8221;center&#8221; custom_padding=&#8221;|||&#8221;]<\/p>\n<p>Anno: 1600<br \/>Dimensioni: 268 x 197 cm<br \/>Tecnica: olio su tela<br \/>Valore stimato: &gt; 50 milioni di dollari<\/p>\n<p>[\/et_pb_text][\/et_pb_column_inner][\/et_pb_row_inner][\/et_pb_column][\/et_pb_section][et_pb_section fb_built=&#8221;1&#8243; admin_label=&#8221;Useful Travel Trips&#8221; _builder_version=&#8221;3.22&#8243; custom_padding=&#8221;5px|0px|5px|0px|true|false&#8221;][et_pb_row _builder_version=&#8221;3.25&#8243; custom_padding=&#8221;0px||3px|||&#8221;][et_pb_column type=&#8221;4_4&#8243; _builder_version=&#8221;3.25&#8243; custom_padding=&#8221;|||&#8221; custom_padding__hover=&#8221;|||&#8221;][et_pb_text _builder_version=&#8221;4.9.2&#8243; text_font=&#8221;Noto Sans||on||||||&#8221; text_font_size=&#8221;17px&#8221; text_line_height=&#8221;2em&#8221; header_font=&#8221;||||||||&#8221; header_2_font_size=&#8221;20px&#8221; max_width=&#8221;800px&#8221; max_width_tablet=&#8221;&#8221; max_width_phone=&#8221;&#8221; max_width_last_edited=&#8221;on|phone&#8221; module_alignment=&#8221;center&#8221; custom_padding=&#8221;|||&#8221;]<\/p>\n<p>Realizzata da Caravaggio e Roma e in seguito portata a Palermo, quest\u2019opera rimase appesa sopra l\u2019altare dell\u2019Oratorio di San Lorenzo per oltre 350 anni. Nel 1969 la Chiesa venne per\u00f2 saccheggiata e da allora del quadro se ne persero le tracce. Una replica commissionata nel 2015 \u00e8 oggi esposta nella stessa Chiesa.<\/p>\n<p>[\/et_pb_text][\/et_pb_column][\/et_pb_row][\/et_pb_section][et_pb_section fb_built=&#8221;1&#8243; specialty=&#8221;on&#8221; _builder_version=&#8221;4.7.7&#8243; _module_preset=&#8221;default&#8221; custom_padding=&#8221;3px||1px|||&#8221;][et_pb_column type=&#8221;1_2&#8243; _builder_version=&#8221;3.25&#8243; custom_padding=&#8221;|||&#8221; custom_padding__hover=&#8221;|||&#8221;][et_pb_image src=&#8221;https:\/\/www.compagniaditurismoecultura.it\/blog\/wp-content\/uploads\/2021\/03\/Paralleli-e-Meridiani-1.jpg&#8221; alt=&#8221;maldive&#8221; title_text=&#8221;Paralleli e Meridiani (1)&#8221; _builder_version=&#8221;4.9.2&#8243; _module_preset=&#8221;default&#8221;][\/et_pb_image][\/et_pb_column][et_pb_column type=&#8221;1_2&#8243; specialty_columns=&#8221;2&#8243; _builder_version=&#8221;3.25&#8243; custom_padding=&#8221;|||&#8221; custom_padding__hover=&#8221;|||&#8221;][et_pb_row_inner _builder_version=&#8221;4.7.7&#8243; _module_preset=&#8221;default&#8221; custom_padding=&#8221;||2px|||&#8221;][et_pb_column_inner saved_specialty_column_type=&#8221;1_2&#8243; _builder_version=&#8221;4.7.7&#8243; _module_preset=&#8221;default&#8221;][et_pb_text _builder_version=&#8221;4.9.2&#8243; _module_preset=&#8221;default&#8221; header_2_font=&#8221;|700|on||||||&#8221; header_2_font_size=&#8221;19px&#8221; header_2_line_height=&#8221;1.2em&#8221; custom_padding=&#8221;4px||0px|||&#8221; header_2_font_size_tablet=&#8221;&#8221; header_2_font_size_phone=&#8221;18px&#8221; header_2_font_size_last_edited=&#8221;on|phone&#8221;]<\/p>\n<h2>Vermeer. Concerto a tre.<\/h2>\n<p>[\/et_pb_text][\/et_pb_column_inner][\/et_pb_row_inner][et_pb_row_inner _builder_version=&#8221;4.7.7&#8243; _module_preset=&#8221;default&#8221; custom_margin=&#8221;-3px|||||&#8221;][et_pb_column_inner saved_specialty_column_type=&#8221;1_2&#8243; _builder_version=&#8221;4.7.7&#8243; _module_preset=&#8221;default&#8221;][et_pb_text _builder_version=&#8221;4.9.2&#8243; text_font=&#8221;Noto Sans||on||||||&#8221; text_font_size=&#8221;17px&#8221; text_line_height=&#8221;2em&#8221; header_font=&#8221;||||||||&#8221; header_2_font_size=&#8221;20px&#8221; max_width=&#8221;800px&#8221; max_width_tablet=&#8221;&#8221; max_width_phone=&#8221;&#8221; max_width_last_edited=&#8221;on|phone&#8221; module_alignment=&#8221;center&#8221; custom_padding=&#8221;|||&#8221;]<\/p>\n<p>Anno: 1664<br \/>Dimensioni: 72,40 x 64,70 cm<br \/>Tecnica: olio su tela<br \/>Valore stimato: 200 milioni di dollari<\/p>\n<p>[\/et_pb_text][\/et_pb_column_inner][\/et_pb_row_inner][\/et_pb_column][\/et_pb_section][et_pb_section fb_built=&#8221;1&#8243; admin_label=&#8221;Useful Travel Trips&#8221; _builder_version=&#8221;3.22&#8243; custom_padding=&#8221;5px|0px|5px|0px|true|false&#8221;][et_pb_row _builder_version=&#8221;3.25&#8243; custom_padding=&#8221;0px||3px|||&#8221;][et_pb_column type=&#8221;4_4&#8243; _builder_version=&#8221;3.25&#8243; custom_padding=&#8221;|||&#8221; custom_padding__hover=&#8221;|||&#8221;][et_pb_text _builder_version=&#8221;4.9.2&#8243; text_font=&#8221;Noto Sans||on||||||&#8221; text_font_size=&#8221;17px&#8221; text_line_height=&#8221;2em&#8221; header_font=&#8221;||||||||&#8221; header_2_font_size=&#8221;20px&#8221; max_width=&#8221;800px&#8221; max_width_tablet=&#8221;&#8221; max_width_phone=&#8221;&#8221; max_width_last_edited=&#8221;on|phone&#8221; module_alignment=&#8221;center&#8221; custom_padding=&#8221;|||&#8221;]<\/p>\n<p>Il 18 marzo del 1990 due ladri travestiti da poliziotti si introdussero nel Museo Isabella Stewart Gardner di Boston e portarono via una dozzina di opere d\u2019arte per un valore totale di 500 milioni di dollari, tra cui questo capolavoro. Ancora oggi \u00e8 considerato il pi\u00f9 grande furto d\u2019arte della storia degli Stati Uniti.<\/p>\n<p>[\/et_pb_text][et_pb_text _builder_version=&#8221;4.9.2&#8243; text_font=&#8221;Noto Sans||on||||||&#8221; text_font_size=&#8221;17px&#8221; text_line_height=&#8221;2em&#8221; header_font=&#8221;||||||||&#8221; header_2_font_size=&#8221;20px&#8221; max_width=&#8221;800px&#8221; max_width_tablet=&#8221;&#8221; max_width_phone=&#8221;&#8221; max_width_last_edited=&#8221;on|phone&#8221; module_alignment=&#8221;center&#8221; custom_padding=&#8221;|||&#8221;]<\/p>\n<p>Queste sono, chiaramente, solo alcune delle opere d\u2019arte di cui i nostri musei oggi sono costretti a fare a meno. Quei musei di cui oggi sentiamo cos\u00ec forte la mancanza. Quei musei chiusi e cristallizzati da oltre un anno ormai. Quei musei che per\u00f2 si sono ingegnati per permetterci di goderne comunque; in modo diverso, ovviamente, ma senza dovervi cos\u00ec rinunciare totalmente.<\/p>\n<p>Girovagando sul web mi sono infatti imbattuta in due meravigliose e possibili strade per portare un po\u2019 dell\u2019arte di tutto il Mondo direttamente sul nostro divano.<\/p>\n<p>La prima possibilit\u00e0 sono quei musei che, autonomamente, si sono creati propri tour virtuali e li hanno pubblicati online, mettendoli a disposizione del pubblico del web. Si tratta di visite totalmente gratuite e in molti casi anche guidate. Per scoprire se il museo che vorreste visitare ha creato questa funzione vi baster\u00e0 digitare il nome del museo seguito da \u201cvirtual tour\u201d nella pagina di ricerca.<\/p>\n<p>La seconda ipotesi ce la offre invece Google. Aprendo la nostra mail da web e cliccando sui pallini in alto a destra, abbiamo infatti accesso ad una serie di componenti messe a nostra disposizione dal motore di ricerca. Meet, Drive, Foto, Documenti, Fogli, Presentazioni e Earth, per intenderci, sono alcuni di questi. Ma quello su cui mi vorrei soffermare oggi \u00e8 Google Arts &amp; Culture. <br \/>Com\u2019\u00e8 facilmente deducibile, al momento si tratta di un componente quasi totalmente scritto in lingua inglese ma davvero, davvero, ricco di arte, cultura e curiosit\u00e0. Totalmente gratuito e accessibile a chiunque lo desideri.<\/p>\n<p>Se \u00e8 quindi vero che \u201cEARTH WITHOUT ART IS JUST EH\u201d, please, \u201cDON\u2019T FORGET IT\u201d! <\/p>\n<p>[\/et_pb_text][\/et_pb_column][\/et_pb_row][\/et_pb_section]<\/p>\n","protected":false},"excerpt":{"rendered":"<p>Ispirato a \u201cCosa vedremmo al museo dei capolavori rubati?\u201d (Focus D&amp;R).Parte I. Virtual tour al museo dei capolavori rubati.Van Gogh, Monet, Vermeer, Caravaggio. Apparterrebbero a loro e a tanti altri famosi artisti le opere d\u2019arte alla Galleria dei Capolavori rubati. Opere che invece, purtroppo, non \u00e8 pi\u00f9 possibile vedere in alcun museo al Mondo.Monet. Il [&hellip;]<\/p>\n","protected":false},"author":3,"featured_media":0,"comment_status":"open","ping_status":"open","sticky":false,"template":"","format":"standard","meta":{"_et_pb_use_builder":"on","_et_pb_old_content":"","_et_gb_content_width":""},"categories":[1],"tags":[],"_links":{"self":[{"href":"https:\/\/www.compagniaditurismoecultura.it\/blog\/wp-json\/wp\/v2\/posts\/1708"}],"collection":[{"href":"https:\/\/www.compagniaditurismoecultura.it\/blog\/wp-json\/wp\/v2\/posts"}],"about":[{"href":"https:\/\/www.compagniaditurismoecultura.it\/blog\/wp-json\/wp\/v2\/types\/post"}],"author":[{"embeddable":true,"href":"https:\/\/www.compagniaditurismoecultura.it\/blog\/wp-json\/wp\/v2\/users\/3"}],"replies":[{"embeddable":true,"href":"https:\/\/www.compagniaditurismoecultura.it\/blog\/wp-json\/wp\/v2\/comments?post=1708"}],"version-history":[{"count":10,"href":"https:\/\/www.compagniaditurismoecultura.it\/blog\/wp-json\/wp\/v2\/posts\/1708\/revisions"}],"predecessor-version":[{"id":2382,"href":"https:\/\/www.compagniaditurismoecultura.it\/blog\/wp-json\/wp\/v2\/posts\/1708\/revisions\/2382"}],"wp:attachment":[{"href":"https:\/\/www.compagniaditurismoecultura.it\/blog\/wp-json\/wp\/v2\/media?parent=1708"}],"wp:term":[{"taxonomy":"category","embeddable":true,"href":"https:\/\/www.compagniaditurismoecultura.it\/blog\/wp-json\/wp\/v2\/categories?post=1708"},{"taxonomy":"post_tag","embeddable":true,"href":"https:\/\/www.compagniaditurismoecultura.it\/blog\/wp-json\/wp\/v2\/tags?post=1708"}],"curies":[{"name":"wp","href":"https:\/\/api.w.org\/{rel}","templated":true}]}}