{"id":1579,"date":"2021-03-09T12:30:25","date_gmt":"2021-03-09T11:30:25","guid":{"rendered":"https:\/\/www.compagniaditurismoecultura.it\/blog\/?p=1579"},"modified":"2021-07-07T20:26:28","modified_gmt":"2021-07-07T18:26:28","slug":"paralleli-meridiani-11","status":"publish","type":"post","link":"https:\/\/www.compagniaditurismoecultura.it\/blog\/paralleli-meridiani-11\/","title":{"rendered":"Paralleli e Meridiani n. 11"},"content":{"rendered":"<p>[et_pb_section fb_built=&#8221;1&#8243; admin_label=&#8221;Tour CTA &#038; Information Section&#8221; _builder_version=&#8221;3.22&#8243; custom_padding=&#8221;0px|0px|0px|0px|false|false&#8221;][et_pb_row column_structure=&#8221;1_2,1_2&#8243; admin_label=&#8221;Tour CTA &#038; Information Row&#8221; _builder_version=&#8221;3.25&#8243;][et_pb_column type=&#8221;1_2&#8243; _builder_version=&#8221;3.25&#8243; custom_padding=&#8221;|||&#8221; custom_padding__hover=&#8221;|||&#8221;][et_pb_cta title=&#8221;8 marzo. Un giorno qualunque&#8221; button_url=&#8221;#TOP&#8221; _builder_version=&#8221;4.9.7&#8243; header_font=&#8221;Noto Serif|700|||||||&#8221; header_font_size=&#8221;44px&#8221; header_line_height=&#8221;1.5em&#8221; body_font=&#8221;Noto Sans||||||||&#8221; body_text_align=&#8221;right&#8221; body_font_size=&#8221;17px&#8221; body_line_height=&#8221;2em&#8221; use_background_color=&#8221;off&#8221; custom_button=&#8221;on&#8221; button_text_size=&#8221;17px&#8221; button_text_color=&#8221;#ffffff&#8221; button_bg_color=&#8221;#ff6b5a&#8221; button_border_width=&#8221;10px&#8221; button_border_color=&#8221;#ff6b5a&#8221; button_border_radius=&#8221;100px&#8221; button_font=&#8221;Noto Sans|700||on|||||&#8221; button_use_icon=&#8221;off&#8221; button_alignment=&#8221;right&#8221; text_orientation=&#8221;right&#8221; background_layout=&#8221;light&#8221; max_width=&#8221;480px&#8221; max_width_tablet=&#8221;&#8221; max_width_phone=&#8221;&#8221; max_width_last_edited=&#8221;on|tablet&#8221; module_alignment=&#8221;left&#8221; hover_enabled=&#8221;0&#8243; header_font_size_tablet=&#8221;&#8221; header_font_size_phone=&#8221;34px&#8221; header_font_size_last_edited=&#8221;on|phone&#8221; button_text_color_hover=&#8221;#ffffff&#8221; button_border_color_hover=&#8221;#ff9e59&#8243; button_bg_color_hover=&#8221;#ff9e59&#8243; button_text_size__hover_enabled=&#8221;off&#8221; button_one_text_size__hover_enabled=&#8221;off&#8221; button_two_text_size__hover_enabled=&#8221;off&#8221; button_text_color__hover_enabled=&#8221;on&#8221; button_text_color__hover=&#8221;#ffffff&#8221; button_one_text_color__hover_enabled=&#8221;off&#8221; button_two_text_color__hover_enabled=&#8221;off&#8221; button_border_width__hover_enabled=&#8221;off&#8221; button_one_border_width__hover_enabled=&#8221;off&#8221; button_two_border_width__hover_enabled=&#8221;off&#8221; button_border_color__hover_enabled=&#8221;on&#8221; button_border_color__hover=&#8221;#ff9e59&#8243; button_one_border_color__hover_enabled=&#8221;off&#8221; button_two_border_color__hover_enabled=&#8221;off&#8221; button_border_radius__hover_enabled=&#8221;off&#8221; button_one_border_radius__hover_enabled=&#8221;off&#8221; button_two_border_radius__hover_enabled=&#8221;off&#8221; button_letter_spacing__hover_enabled=&#8221;off&#8221; button_one_letter_spacing__hover_enabled=&#8221;off&#8221; button_two_letter_spacing__hover_enabled=&#8221;off&#8221; button_bg_color__hover_enabled=&#8221;on&#8221; button_bg_color__hover=&#8221;#ff9e59&#8243; button_one_bg_color__hover_enabled=&#8221;off&#8221; button_two_bg_color__hover_enabled=&#8221;off&#8221; sticky_enabled=&#8221;0&#8243;][\/et_pb_cta][et_pb_text _builder_version=&#8221;4.9.0&#8243; _module_preset=&#8221;default&#8221; custom_padding=&#8221;0px||0px|||&#8221;]<\/p>\n<p>Ispirato a \u201cFesta della donna: come si festeggia nel mondo l\u20198 Marzo?\u201d (Skuola.net), \u201cFesta della donna. Origine e come si celebra\u201d (Extrabanca) e \u201cLa festa della donna in giro per il mondo\u201d (Education First).<\/p>\n<p>[\/et_pb_text][\/et_pb_column][et_pb_column type=&#8221;1_2&#8243; _builder_version=&#8221;3.25&#8243; custom_padding=&#8221;|||&#8221; custom_padding__hover=&#8221;|||&#8221;][et_pb_post_title title=&#8221;off&#8221; date_format=&#8221;d M Y&#8221; featured_image=&#8221;off&#8221; _builder_version=&#8221;4.9.7&#8243; _module_preset=&#8221;default&#8221; locked=&#8221;off&#8221;][\/et_pb_post_title][\/et_pb_column][\/et_pb_row][et_pb_row _builder_version=&#8221;4.7.7&#8243; _module_preset=&#8221;default&#8221;][et_pb_column type=&#8221;4_4&#8243; _builder_version=&#8221;4.7.7&#8243; _module_preset=&#8221;default&#8221;][et_pb_image src=&#8221;https:\/\/www.compagniaditurismoecultura.it\/blog\/wp-content\/uploads\/2021\/03\/8-marzo-festa-della-donna.jpg&#8221; title_text=&#8221;8 marzo festa della donna&#8221; _builder_version=&#8221;4.9.0&#8243; _module_preset=&#8221;default&#8221;][\/et_pb_image][et_pb_text _builder_version=&#8221;4.9.0&#8243; text_font=&#8221;Noto Sans||on||||||&#8221; text_font_size=&#8221;17px&#8221; text_line_height=&#8221;2em&#8221; header_font=&#8221;||||||||&#8221; header_2_font_size=&#8221;20px&#8221; max_width=&#8221;800px&#8221; max_width_tablet=&#8221;&#8221; max_width_phone=&#8221;&#8221; max_width_last_edited=&#8221;on|phone&#8221; module_alignment=&#8221;center&#8221; custom_padding=&#8221;|||&#8221;]<\/p>\n<p>Un anno fa di questi tempi stavo apprendendo che la mia vita, per come ero abituata a conoscerla, per un po\u2019 non sarebbe pi\u00f9 esistita. Oggi decido volutamente di non tornare sull\u2019argomento, a favore del buono che questa data sapr\u00e0 mantenere negli anni. Scelgo di dedicarla a noi, alle donne, e quindi alla vita, alla rinascita, alla forza. E lo faccio partendo dalle parole di una grande donna: <br \/>\u201cEssere donna \u00e8 cos\u00ec affascinante. E\u2019 un\u2019avventura che richiede un tale coraggio, una sfida che non annoia mai\u201d. Oriana Fallaci<\/p>\n<p>[\/et_pb_text][\/et_pb_column][\/et_pb_row][\/et_pb_section][et_pb_section fb_built=&#8221;1&#8243; specialty=&#8221;on&#8221; _builder_version=&#8221;4.7.7&#8243; _module_preset=&#8221;default&#8221; custom_padding=&#8221;3px||1px|||&#8221;][et_pb_column type=&#8221;1_2&#8243; _builder_version=&#8221;3.25&#8243; custom_padding=&#8221;|||&#8221; custom_padding__hover=&#8221;|||&#8221;][et_pb_image src=&#8221;https:\/\/www.compagniaditurismoecultura.it\/blog\/wp-content\/uploads\/2021\/03\/suffragette.jpg&#8221; alt=&#8221;titanic&#8221; title_text=&#8221;suffragette&#8221; _builder_version=&#8221;4.9.0&#8243; _module_preset=&#8221;default&#8221;][\/et_pb_image][\/et_pb_column][et_pb_column type=&#8221;1_2&#8243; specialty_columns=&#8221;2&#8243; _builder_version=&#8221;3.25&#8243; custom_padding=&#8221;|||&#8221; custom_padding__hover=&#8221;|||&#8221;][et_pb_row_inner _builder_version=&#8221;4.7.7&#8243; _module_preset=&#8221;default&#8221; custom_padding=&#8221;||2px|||&#8221;][et_pb_column_inner saved_specialty_column_type=&#8221;1_2&#8243; _builder_version=&#8221;4.7.7&#8243; _module_preset=&#8221;default&#8221;][et_pb_text _builder_version=&#8221;4.9.0&#8243; _module_preset=&#8221;default&#8221; header_2_font=&#8221;|700|on||||||&#8221; header_2_font_size=&#8221;19px&#8221; header_2_line_height=&#8221;1.2em&#8221; custom_padding=&#8221;4px||0px|||&#8221; header_2_font_size_tablet=&#8221;&#8221; header_2_font_size_phone=&#8221;18px&#8221; header_2_font_size_last_edited=&#8221;on|phone&#8221;]<\/p>\n<h2><span style=\"font-size: 16px;\">Origine.<\/span><\/h2>\n<p>[\/et_pb_text][\/et_pb_column_inner][\/et_pb_row_inner][et_pb_row_inner _builder_version=&#8221;4.7.7&#8243; _module_preset=&#8221;default&#8221; custom_margin=&#8221;-3px|||||&#8221;][et_pb_column_inner saved_specialty_column_type=&#8221;1_2&#8243; _builder_version=&#8221;4.7.7&#8243; _module_preset=&#8221;default&#8221;][et_pb_text _builder_version=&#8221;4.9.0&#8243; _module_preset=&#8221;default&#8221; text_font=&#8221;||on||||||&#8221; custom_margin=&#8221;-5px|||||&#8221;]<\/p>\n<p>Come per la maggior parte delle \u201cgiornate internazionali\u201d che oggi si festeggiano nel mondo, anche quella dedicata alle donne ha origini incerte. <br \/>Sui vari articoli nei quali mi sono imbattuta durante le mie ricerche ho infatti potuto scoprire quante ipotesi si nascondano dietro la nascita di questa festa.<\/p>\n<p>[\/et_pb_text][\/et_pb_column_inner][\/et_pb_row_inner][\/et_pb_column][\/et_pb_section][et_pb_section fb_built=&#8221;1&#8243; admin_label=&#8221;Useful Travel Trips&#8221; _builder_version=&#8221;3.22&#8243; custom_padding=&#8221;5px|0px|5px|0px|true|false&#8221;][et_pb_row _builder_version=&#8221;3.25&#8243; custom_padding=&#8221;0px|||||&#8221;][et_pb_column type=&#8221;4_4&#8243; _builder_version=&#8221;3.25&#8243; custom_padding=&#8221;|||&#8221; custom_padding__hover=&#8221;|||&#8221;][et_pb_text _builder_version=&#8221;4.9.0&#8243; text_font=&#8221;Noto Sans||on||||||&#8221; text_font_size=&#8221;17px&#8221; text_line_height=&#8221;2em&#8221; header_font=&#8221;||||||||&#8221; header_2_font_size=&#8221;20px&#8221; max_width=&#8221;800px&#8221; max_width_tablet=&#8221;&#8221; max_width_phone=&#8221;&#8221; max_width_last_edited=&#8221;on|phone&#8221; module_alignment=&#8221;center&#8221; custom_padding=&#8221;|||&#8221;]<\/p>\n<p>Tra tutte, la pi\u00f9 accreditata \u00e8 quella che ci porta negli Stati Uniti, nel lontano 23 Febbraio del 1908. Il Partito Socialista organizz\u00f2 infatti, durante quella giornata, una grande manifestazione a denuncia della discriminazione sessuale e in favore del diritto di voto femminile. Questa fu la prima di una serie di manifestazioni che terminarono il 22 Novembre quando pi\u00f9 di 20.000 lavoratrici impiegate nel settore tessile a New York scioperarono, per quasi un mese.<\/p>\n<p>[\/et_pb_text][\/et_pb_column][\/et_pb_row][\/et_pb_section][et_pb_section fb_built=&#8221;1&#8243; specialty=&#8221;on&#8221; _builder_version=&#8221;4.7.7&#8243; _module_preset=&#8221;default&#8221; custom_padding=&#8221;3px||1px|||&#8221;][et_pb_column type=&#8221;1_2&#8243; _builder_version=&#8221;3.25&#8243; custom_padding=&#8221;|||&#8221; custom_padding__hover=&#8221;|||&#8221;][et_pb_image src=&#8221;https:\/\/www.compagniaditurismoecultura.it\/blog\/wp-content\/uploads\/2021\/03\/8-marzo-donna.jpg&#8221; alt=&#8221;maldive&#8221; title_text=&#8221;8 marzo donna&#8221; _builder_version=&#8221;4.9.0&#8243; _module_preset=&#8221;default&#8221;][\/et_pb_image][\/et_pb_column][et_pb_column type=&#8221;1_2&#8243; specialty_columns=&#8221;2&#8243; _builder_version=&#8221;3.25&#8243; custom_padding=&#8221;|||&#8221; custom_padding__hover=&#8221;|||&#8221;][et_pb_row_inner _builder_version=&#8221;4.7.7&#8243; _module_preset=&#8221;default&#8221; custom_padding=&#8221;||2px|||&#8221;][et_pb_column_inner saved_specialty_column_type=&#8221;1_2&#8243; _builder_version=&#8221;4.7.7&#8243; _module_preset=&#8221;default&#8221;][et_pb_text _builder_version=&#8221;4.9.0&#8243; _module_preset=&#8221;default&#8221; header_2_font=&#8221;|700|on||||||&#8221; header_2_font_size=&#8221;19px&#8221; header_2_line_height=&#8221;1.2em&#8221; custom_padding=&#8221;4px||0px|||&#8221; header_2_font_size_tablet=&#8221;&#8221; header_2_font_size_phone=&#8221;18px&#8221; header_2_font_size_last_edited=&#8221;on|phone&#8221;]<\/p>\n<h2>E allora perch\u00e8 l&#8217;8 marzo?<\/h2>\n<p>[\/et_pb_text][\/et_pb_column_inner][\/et_pb_row_inner][et_pb_row_inner _builder_version=&#8221;4.7.7&#8243; _module_preset=&#8221;default&#8221; custom_margin=&#8221;-3px|||||&#8221;][et_pb_column_inner saved_specialty_column_type=&#8221;1_2&#8243; _builder_version=&#8221;4.7.7&#8243; _module_preset=&#8221;default&#8221;][et_pb_text _builder_version=&#8221;4.9.0&#8243; _module_preset=&#8221;default&#8221; text_font=&#8221;||on||||||&#8221; custom_margin=&#8221;-5px|||||&#8221;]<\/p>\n<p>Era l\u20198 Marzo del 1917 quando, a San Pietroburgo, le donne scesero in piazza per rivendicare la fine della guerra. A seguire, le delegate della Seconda Conferenza Internazionale delle Donne Comuniste di Mosca scelsero l\u20198 Marzo come Giornata Mondiale dell\u2019Operaia. Data che venne infine ufficializzata nel 1977 dall\u2019Assemblea Generale delle Nazioni Unite.<\/p>\n<p>[\/et_pb_text][\/et_pb_column_inner][\/et_pb_row_inner][\/et_pb_column][\/et_pb_section][et_pb_section fb_built=&#8221;1&#8243; admin_label=&#8221;Useful Travel Trips&#8221; _builder_version=&#8221;3.22&#8243; custom_padding=&#8221;5px|0px|5px|0px|true|false&#8221;][et_pb_row _builder_version=&#8221;3.25&#8243; custom_padding=&#8221;0px||3px|||&#8221;][et_pb_column type=&#8221;4_4&#8243; _builder_version=&#8221;3.25&#8243; custom_padding=&#8221;|||&#8221; custom_padding__hover=&#8221;|||&#8221;][et_pb_text _builder_version=&#8221;4.9.0&#8243; text_font=&#8221;Noto Sans||on||||||&#8221; text_font_size=&#8221;17px&#8221; text_line_height=&#8221;2em&#8221; header_font=&#8221;||||||||&#8221; header_2_font_size=&#8221;20px&#8221; max_width=&#8221;800px&#8221; max_width_tablet=&#8221;&#8221; max_width_phone=&#8221;&#8221; max_width_last_edited=&#8221;on|phone&#8221; module_alignment=&#8221;center&#8221; custom_padding=&#8221;|||&#8221;]<\/p>\n<p>Da quel momento la festa si diffuse in tutto il mondo e divenne simbolo delle conquiste economiche, sociali e politiche ottenute dalle donne. Nonch\u00e9 occasione di lotta contro la discriminazione e la violenza, di cui le donne sono ancora vittime nel mondo.<\/p>\n<p>[\/et_pb_text][\/et_pb_column][\/et_pb_row][\/et_pb_section][et_pb_section fb_built=&#8221;1&#8243; specialty=&#8221;on&#8221; _builder_version=&#8221;4.7.7&#8243; _module_preset=&#8221;default&#8221; custom_padding=&#8221;3px||1px|||&#8221;][et_pb_column type=&#8221;1_2&#8243; _builder_version=&#8221;3.25&#8243; custom_padding=&#8221;|||&#8221; custom_padding__hover=&#8221;|||&#8221;][et_pb_image src=&#8221;https:\/\/www.compagniaditurismoecultura.it\/blog\/wp-content\/uploads\/2021\/03\/mimosa-8-marzo-donna.jpg&#8221; alt=&#8221;maldive&#8221; title_text=&#8221;mimosa 8 marzo donna&#8221; _builder_version=&#8221;4.9.0&#8243; _module_preset=&#8221;default&#8221;][\/et_pb_image][\/et_pb_column][et_pb_column type=&#8221;1_2&#8243; specialty_columns=&#8221;2&#8243; _builder_version=&#8221;3.25&#8243; custom_padding=&#8221;|||&#8221; custom_padding__hover=&#8221;|||&#8221;][et_pb_row_inner _builder_version=&#8221;4.7.7&#8243; _module_preset=&#8221;default&#8221; custom_padding=&#8221;||2px|||&#8221;][et_pb_column_inner saved_specialty_column_type=&#8221;1_2&#8243; _builder_version=&#8221;4.7.7&#8243; _module_preset=&#8221;default&#8221;][et_pb_text _builder_version=&#8221;4.9.0&#8243; _module_preset=&#8221;default&#8221; header_2_font=&#8221;|700|on||||||&#8221; header_2_font_size=&#8221;19px&#8221; header_2_line_height=&#8221;1.2em&#8221; custom_padding=&#8221;4px||0px|||&#8221; header_2_font_size_tablet=&#8221;&#8221; header_2_font_size_phone=&#8221;18px&#8221; header_2_font_size_last_edited=&#8221;on|phone&#8221;]<\/p>\n<h2>E perch\u00e8 la mimosa?<\/h2>\n<p>[\/et_pb_text][\/et_pb_column_inner][\/et_pb_row_inner][et_pb_row_inner _builder_version=&#8221;4.7.7&#8243; _module_preset=&#8221;default&#8221; custom_margin=&#8221;-3px|||||&#8221;][et_pb_column_inner saved_specialty_column_type=&#8221;1_2&#8243; _builder_version=&#8221;4.7.7&#8243; _module_preset=&#8221;default&#8221;][et_pb_text _builder_version=&#8221;4.9.0&#8243; _module_preset=&#8221;default&#8221; text_font=&#8221;||on||||||&#8221; custom_margin=&#8221;-5px|||||&#8221;]<\/p>\n<p>Semplicemente, per il suo tempismo e basso costo?! O forse no..?!<br \/>La mimosa fiorisce proprio nei primi giorni di Marzo ed \u00e8 da sempre un fiore particolarmente economico e facile da reperire. Ecco perch\u00e8 fu proposto e in seguito nominato dai membri dell\u2019Unione Donne Italiane come simbolo della ricorrenza.<\/p>\n<p>[\/et_pb_text][\/et_pb_column_inner][\/et_pb_row_inner][\/et_pb_column][\/et_pb_section][et_pb_section fb_built=&#8221;1&#8243; admin_label=&#8221;Useful Travel Trips&#8221; _builder_version=&#8221;3.22&#8243; custom_padding=&#8221;5px|0px|5px|0px|true|false&#8221;][et_pb_row _builder_version=&#8221;3.25&#8243; custom_padding=&#8221;0px||3px|||&#8221;][et_pb_column type=&#8221;4_4&#8243; _builder_version=&#8221;3.25&#8243; custom_padding=&#8221;|||&#8221; custom_padding__hover=&#8221;|||&#8221;][et_pb_text _builder_version=&#8221;4.9.0&#8243; text_font=&#8221;Noto Sans||on||||||&#8221; text_font_size=&#8221;17px&#8221; text_line_height=&#8221;2em&#8221; header_font=&#8221;||||||||&#8221; header_2_font_size=&#8221;20px&#8221; max_width=&#8221;800px&#8221; max_width_tablet=&#8221;&#8221; max_width_phone=&#8221;&#8221; max_width_last_edited=&#8221;on|phone&#8221; module_alignment=&#8221;center&#8221; custom_padding=&#8221;|||&#8221;]<\/p>\n<p>Infine, si nasconde un significato pi\u00f9 profondo dietro alla scelta di questo fiore. La mimosa, infatti, riesce a crescere anche su terreni difficili, nonostante all\u2019apparenza appaia particolarmente fragile; e quindi ben rappresenta la lotta verso l\u2019emancipazione femminile e l\u2019ottenimento dei propri diritti di donna.<\/p>\n<p>[\/et_pb_text][\/et_pb_column][\/et_pb_row][\/et_pb_section][et_pb_section fb_built=&#8221;1&#8243; specialty=&#8221;on&#8221; _builder_version=&#8221;4.7.7&#8243; _module_preset=&#8221;default&#8221; custom_padding=&#8221;3px||1px|||&#8221;][et_pb_column type=&#8221;1_2&#8243; _builder_version=&#8221;3.25&#8243; custom_padding=&#8221;|||&#8221; custom_padding__hover=&#8221;|||&#8221;][et_pb_image src=&#8221;https:\/\/www.compagniaditurismoecultura.it\/blog\/wp-content\/uploads\/2021\/03\/women.jpg&#8221; alt=&#8221;maldive&#8221; title_text=&#8221;women&#8221; _builder_version=&#8221;4.9.0&#8243; _module_preset=&#8221;default&#8221;][\/et_pb_image][\/et_pb_column][et_pb_column type=&#8221;1_2&#8243; specialty_columns=&#8221;2&#8243; _builder_version=&#8221;3.25&#8243; custom_padding=&#8221;|||&#8221; custom_padding__hover=&#8221;|||&#8221;][et_pb_row_inner _builder_version=&#8221;4.7.7&#8243; _module_preset=&#8221;default&#8221; custom_padding=&#8221;||2px|||&#8221;][et_pb_column_inner saved_specialty_column_type=&#8221;1_2&#8243; _builder_version=&#8221;4.7.7&#8243; _module_preset=&#8221;default&#8221;][et_pb_text _builder_version=&#8221;4.9.0&#8243; _module_preset=&#8221;default&#8221; header_2_font=&#8221;|700|on||||||&#8221; header_2_font_size=&#8221;19px&#8221; header_2_line_height=&#8221;1.2em&#8221; custom_padding=&#8221;4px||0px|||&#8221; header_2_font_size_tablet=&#8221;&#8221; header_2_font_size_phone=&#8221;18px&#8221; header_2_font_size_last_edited=&#8221;on|phone&#8221;]<\/p>\n<h2>Ma come si festeggia la festa della donna negli altri Paesi?<\/h2>\n<p>[\/et_pb_text][\/et_pb_column_inner][\/et_pb_row_inner][et_pb_row_inner _builder_version=&#8221;4.7.7&#8243; _module_preset=&#8221;default&#8221; custom_margin=&#8221;-3px|||||&#8221;][et_pb_column_inner saved_specialty_column_type=&#8221;1_2&#8243; _builder_version=&#8221;4.7.7&#8243; _module_preset=&#8221;default&#8221;][et_pb_text _builder_version=&#8221;4.9.0&#8243; _module_preset=&#8221;default&#8221; text_font=&#8221;||on||||||&#8221; custom_margin=&#8221;-5px|||||&#8221;]<\/p>\n<p>In Russia la festa della donna \u00e8 anche chiamata la \u201cfesta di primavera\u201d e si festeggia in famiglia o facendo visita agli amici. In questo giorno speciale la donna deve essere trattata e coccolata come una vera e propria regina; mentre sar\u00e0 l\u2019uomo ad occuparsi delle faccende domestiche, dei figli e della cucina, permettendo a mogli e madri di godersi una giornata di meritato riposo. Ogni donna riceve fiori e cioccolatini, da familiari, colleghi e dalle altre donne.<\/p>\n<p>[\/et_pb_text][\/et_pb_column_inner][\/et_pb_row_inner][\/et_pb_column][\/et_pb_section][et_pb_section fb_built=&#8221;1&#8243; admin_label=&#8221;Useful Travel Trips&#8221; _builder_version=&#8221;3.22&#8243; custom_padding=&#8221;5px|0px|5px|0px|true|false&#8221;][et_pb_row _builder_version=&#8221;3.25&#8243; custom_padding=&#8221;0px||3px|||&#8221;][et_pb_column type=&#8221;4_4&#8243; _builder_version=&#8221;3.25&#8243; custom_padding=&#8221;|||&#8221; custom_padding__hover=&#8221;|||&#8221;][et_pb_text _builder_version=&#8221;4.9.0&#8243; text_font=&#8221;Noto Sans||on||||||&#8221; text_font_size=&#8221;17px&#8221; text_line_height=&#8221;2em&#8221; header_font=&#8221;||||||||&#8221; header_2_font_size=&#8221;20px&#8221; max_width=&#8221;800px&#8221; max_width_tablet=&#8221;&#8221; max_width_phone=&#8221;&#8221; max_width_last_edited=&#8221;on|phone&#8221; module_alignment=&#8221;center&#8221; custom_padding=&#8221;|||&#8221;]<\/p>\n<p>Pi\u00f9 che la festa della donna, in Romania l\u20198 Marzo si festeggiano le mamme e la primavera. La nascita, insomma. La tradizione pi\u00f9 comune \u00e8 quella di regalare, anche alle \u201cnon mamme\u201d, il \u201cmartisor\u201d: un piccolo anellino di filo bianco e rosso da indossare sulla giacca. Si tratta di un simbolo di amore e augura felicit\u00e0 a chi lo riceve.<\/p>\n<p>Ovviamente gli americani non potevano limitarsi a festeggiare la donna l\u20198 Marzo\u2026 troppo poco \u201cUS Style\u201d. Hanno infatti dedicato un intero mese alla storia delle donne e alle loro battaglie per ottenere la parit\u00e0 dei diritti: il \u201cWomen\u2019s History Month\u201d. A New York, inoltre, l\u2019Associazione Code Pink Woman for Peace organizza eventi per la festa della donna durante la \u201cNational Women\u2019s History Week\u201d, la settimana dell\u20198 Marzo appunto.<\/p>\n<p>In Ecuador, nella Capitale Quito, le donne si trovano in un Parco a loro dedicato: il Parque de las Mujeres. Qui, in occasione della giornata internazionale delle donne, vengono organizzati spettacoli, feste e iniziative culturali interamente dedicati al mondo femminile.<\/p>\n<p>In Per\u00f9, invece, le donne si riuniscono per cucinare la polladas e venderla, per donarne il ricavato ad attivit\u00e0 e aziende \u201cal femminile\u201d.<\/p>\n<p>In Cina poi, l\u20198 Marzo, le strade vengono addobbate con striscioni rossi che riportano frasi di augurio dedicate alle donne. Nei campus scolastici le pi\u00f9 giovani sono solite trascrivere i propri desideri su una bacheca, con tanto di numero di cellulare, nella speranza che un ragazzo li esaudisca.<\/p>\n<p>In Africa vengono organizzati eventi culturali per promuovere l\u2019emancipazione femminile.<\/p>\n<p>In Vietnam le donne lavoratrici portano qualcosa di buono da mangiare a lavoro, per poi condividerlo con le colleghe in un clima di festa e solidariet\u00e0.<\/p>\n<p>[\/et_pb_text][\/et_pb_column][\/et_pb_row][\/et_pb_section][et_pb_section fb_built=&#8221;1&#8243; admin_label=&#8221;Useful Travel Trips&#8221; _builder_version=&#8221;3.22&#8243; custom_padding=&#8221;5px|0px|5px|0px|true|false&#8221;][et_pb_row _builder_version=&#8221;3.25&#8243; custom_padding=&#8221;0px||3px|||&#8221;][et_pb_column type=&#8221;4_4&#8243; _builder_version=&#8221;3.25&#8243; custom_padding=&#8221;|||&#8221; custom_padding__hover=&#8221;|||&#8221;][et_pb_text _builder_version=&#8221;4.9.0&#8243; text_font=&#8221;Noto Sans||on||||||&#8221; text_font_size=&#8221;17px&#8221; text_line_height=&#8221;2em&#8221; header_font=&#8221;||||||||&#8221; header_2_font_size=&#8221;20px&#8221; max_width=&#8221;800px&#8221; max_width_tablet=&#8221;&#8221; max_width_phone=&#8221;&#8221; max_width_last_edited=&#8221;on|phone&#8221; module_alignment=&#8221;center&#8221; custom_padding=&#8221;|||&#8221;]<\/p>\n<p>Vorrei concludere questo articolo con un semplice augurio alle meravigliose donne che conosco e con le quali condivido gran parte del mio mondo. <br \/>Ma sarei ipocrita e inconclusiva. Perch\u00e8, purtroppo, mi ritrovo ogni giorno arrabbiata e triste di fronte a femminicidi, violenze, discriminazioni, diritti umani calpestati. <br \/>E\u2019 bello che sia stato scelto un giorno qualunque di 365 per celebrare la donna, ma ancora pi\u00f9 bello e rassicurante sarebbe non dover pi\u00f9 temere le disparit\u00e0, gli abusi, le botte, gli omicidi. Non doversi guardare le spalle se si passeggia da sole. Non venire a conoscenza di preti, professori, dottori, datori di lavoro, nonni e zii che, senza vergogna n\u00e9 pudore, distruggono per sempre anime innocenti. Senza curarsene, senza riconoscersi colpevoli. Con la sola presunzione, se beccati, di giustificarsi parlando di \u201cistinto indomabile\u201d. <br \/>Quando tutto questo non esister\u00e0 pi\u00f9 saremo pronti a festeggiare e onorare le donne. Fino a quel momento, faremmo pi\u00f9 bella figura a tacere!<br \/>\u201cPer tutte le violenze consumate su di lei,<br \/>per tutte le umiliazioni che ha subito,<br \/>per il suo corpo che avete sfruttato,<br \/>per la sua intelligenza che avete calpestato,<br \/>per l\u2019ignoranza in cui l\u2019avete lasciata,<br \/>per la libert\u00e0 che le avete negato,<br \/>per la bocca che le avete tappato,<br \/>per le sue ali che avete tarpato,<br \/>per tutto questo:<br \/>in piedi, signori, davanti ad una Donna!\u201d<br \/>William Shakespeare<\/p>\n<p>[\/et_pb_text][\/et_pb_column][\/et_pb_row][\/et_pb_section]<\/p>\n","protected":false},"excerpt":{"rendered":"<p>Ispirato a \u201cFesta della donna: come si festeggia nel mondo l\u20198 Marzo?\u201d (Skuola.net), \u201cFesta della donna. Origine e come si celebra\u201d (Extrabanca) e \u201cLa festa della donna in giro per il mondo\u201d (Education First).Un anno fa di questi tempi stavo apprendendo che la mia vita, per come ero abituata a conoscerla, per un po\u2019 non [&hellip;]<\/p>\n","protected":false},"author":3,"featured_media":0,"comment_status":"open","ping_status":"open","sticky":false,"template":"","format":"standard","meta":{"_et_pb_use_builder":"on","_et_pb_old_content":"","_et_gb_content_width":""},"categories":[1],"tags":[],"_links":{"self":[{"href":"https:\/\/www.compagniaditurismoecultura.it\/blog\/wp-json\/wp\/v2\/posts\/1579"}],"collection":[{"href":"https:\/\/www.compagniaditurismoecultura.it\/blog\/wp-json\/wp\/v2\/posts"}],"about":[{"href":"https:\/\/www.compagniaditurismoecultura.it\/blog\/wp-json\/wp\/v2\/types\/post"}],"author":[{"embeddable":true,"href":"https:\/\/www.compagniaditurismoecultura.it\/blog\/wp-json\/wp\/v2\/users\/3"}],"replies":[{"embeddable":true,"href":"https:\/\/www.compagniaditurismoecultura.it\/blog\/wp-json\/wp\/v2\/comments?post=1579"}],"version-history":[{"count":7,"href":"https:\/\/www.compagniaditurismoecultura.it\/blog\/wp-json\/wp\/v2\/posts\/1579\/revisions"}],"predecessor-version":[{"id":2386,"href":"https:\/\/www.compagniaditurismoecultura.it\/blog\/wp-json\/wp\/v2\/posts\/1579\/revisions\/2386"}],"wp:attachment":[{"href":"https:\/\/www.compagniaditurismoecultura.it\/blog\/wp-json\/wp\/v2\/media?parent=1579"}],"wp:term":[{"taxonomy":"category","embeddable":true,"href":"https:\/\/www.compagniaditurismoecultura.it\/blog\/wp-json\/wp\/v2\/categories?post=1579"},{"taxonomy":"post_tag","embeddable":true,"href":"https:\/\/www.compagniaditurismoecultura.it\/blog\/wp-json\/wp\/v2\/tags?post=1579"}],"curies":[{"name":"wp","href":"https:\/\/api.w.org\/{rel}","templated":true}]}}