{"id":1536,"date":"2021-03-02T10:24:55","date_gmt":"2021-03-02T09:24:55","guid":{"rendered":"https:\/\/www.compagniaditurismoecultura.it\/blog\/?p=1536"},"modified":"2021-07-07T10:55:52","modified_gmt":"2021-07-07T08:55:52","slug":"croazia","status":"publish","type":"post","link":"https:\/\/www.compagniaditurismoecultura.it\/blog\/croazia\/","title":{"rendered":"Croazia"},"content":{"rendered":"<p>[et_pb_section fb_built=&#8221;1&#8243; admin_label=&#8221;Tour CTA &#038; Information Section&#8221; _builder_version=&#8221;3.22&#8243; custom_padding=&#8221;4px|0px|2px|0px|false|false&#8221;][et_pb_row column_structure=&#8221;1_2,1_2&#8243; admin_label=&#8221;Tour CTA &#038; Information Row&#8221; _builder_version=&#8221;3.25&#8243; custom_padding=&#8221;||3px|||&#8221;][et_pb_column type=&#8221;1_2&#8243; _builder_version=&#8221;3.25&#8243; custom_padding=&#8221;|||&#8221; custom_padding__hover=&#8221;|||&#8221;][et_pb_cta title=&#8221;Croazia&#8221; button_url=&#8221;#TOP&#8221; _builder_version=&#8221;4.9.0&#8243; header_level=&#8221;h1&#8243; header_font=&#8221;Noto Serif|700|||||||&#8221; header_font_size=&#8221;44px&#8221; header_line_height=&#8221;1.5em&#8221; body_font=&#8221;Noto Sans||||||||&#8221; body_text_align=&#8221;right&#8221; body_font_size=&#8221;17px&#8221; body_line_height=&#8221;2em&#8221; use_background_color=&#8221;off&#8221; custom_button=&#8221;on&#8221; button_text_size=&#8221;17px&#8221; button_text_color=&#8221;#ffffff&#8221; button_bg_color=&#8221;#ff6b5a&#8221; button_border_width=&#8221;10px&#8221; button_border_color=&#8221;#ff6b5a&#8221; button_border_radius=&#8221;100px&#8221; button_font=&#8221;Noto Sans|700||on|||||&#8221; button_use_icon=&#8221;off&#8221; button_alignment=&#8221;right&#8221; text_orientation=&#8221;right&#8221; background_layout=&#8221;light&#8221; max_width=&#8221;480px&#8221; max_width_tablet=&#8221;&#8221; max_width_phone=&#8221;&#8221; max_width_last_edited=&#8221;on|tablet&#8221; module_alignment=&#8221;left&#8221; header_font_size_tablet=&#8221;&#8221; header_font_size_phone=&#8221;34px&#8221; header_font_size_last_edited=&#8221;on|phone&#8221; button_text_color_hover=&#8221;#ffffff&#8221; button_border_color_hover=&#8221;#ff9e59&#8243; button_bg_color_hover=&#8221;#ff9e59&#8243; button_text_size__hover_enabled=&#8221;off&#8221; button_one_text_size__hover_enabled=&#8221;off&#8221; button_two_text_size__hover_enabled=&#8221;off&#8221; button_text_color__hover_enabled=&#8221;on&#8221; button_text_color__hover=&#8221;#ffffff&#8221; button_one_text_color__hover_enabled=&#8221;off&#8221; button_two_text_color__hover_enabled=&#8221;off&#8221; button_border_width__hover_enabled=&#8221;off&#8221; button_one_border_width__hover_enabled=&#8221;off&#8221; button_two_border_width__hover_enabled=&#8221;off&#8221; button_border_color__hover_enabled=&#8221;on&#8221; button_border_color__hover=&#8221;#ff9e59&#8243; button_one_border_color__hover_enabled=&#8221;off&#8221; button_two_border_color__hover_enabled=&#8221;off&#8221; button_border_radius__hover_enabled=&#8221;off&#8221; button_one_border_radius__hover_enabled=&#8221;off&#8221; button_two_border_radius__hover_enabled=&#8221;off&#8221; button_letter_spacing__hover_enabled=&#8221;off&#8221; button_one_letter_spacing__hover_enabled=&#8221;off&#8221; button_two_letter_spacing__hover_enabled=&#8221;off&#8221; button_bg_color__hover_enabled=&#8221;on&#8221; button_bg_color__hover=&#8221;#ff9e59&#8243; button_one_bg_color__hover_enabled=&#8221;off&#8221; button_two_bg_color__hover_enabled=&#8221;off&#8221;][\/et_pb_cta][\/et_pb_column][et_pb_column type=&#8221;1_2&#8243; _builder_version=&#8221;3.25&#8243; custom_padding=&#8221;|||&#8221; custom_padding__hover=&#8221;|||&#8221;][et_pb_post_title title=&#8221;off&#8221; date_format=&#8221;d M Y&#8221; _builder_version=&#8221;4.9.7&#8243; _module_preset=&#8221;default&#8221; hover_enabled=&#8221;0&#8243; featured_image=&#8221;off&#8221; sticky_enabled=&#8221;0&#8243; locked=&#8221;off&#8221;][\/et_pb_post_title][\/et_pb_column][\/et_pb_row][\/et_pb_section][et_pb_section fb_built=&#8221;1&#8243; fullwidth=&#8221;on&#8221; _builder_version=&#8221;4.6.6&#8243; _module_preset=&#8221;default&#8221;][et_pb_fullwidth_image src=&#8221;https:\/\/www.compagniaditurismoecultura.it\/blog\/wp-content\/uploads\/2021\/03\/Spalato.jpg&#8221; alt=&#8221;musica cinese&#8221; title_text=&#8221;Spalato&#8221; _builder_version=&#8221;4.9.0&#8243; _module_preset=&#8221;default&#8221;][\/et_pb_fullwidth_image][\/et_pb_section][et_pb_section fb_built=&#8221;1&#8243; admin_label=&#8221;Useful Travel Trips&#8221; _builder_version=&#8221;3.22&#8243; custom_padding=&#8221;0px|0px|0px|0px|true|false&#8221;][et_pb_row _builder_version=&#8221;3.25&#8243; custom_padding=&#8221;1px|||||&#8221;][et_pb_column type=&#8221;4_4&#8243; _builder_version=&#8221;3.25&#8243; custom_padding=&#8221;|||&#8221; custom_padding__hover=&#8221;|||&#8221;][et_pb_text _builder_version=&#8221;4.9.2&#8243; text_font=&#8221;Noto Sans||on||||||&#8221; text_font_size=&#8221;17px&#8221; text_line_height=&#8221;2em&#8221; header_font=&#8221;||||||||&#8221; header_3_font=&#8221;|800|||||||&#8221; max_width=&#8221;800px&#8221; max_width_tablet=&#8221;&#8221; max_width_phone=&#8221;&#8221; max_width_last_edited=&#8221;on|phone&#8221; module_alignment=&#8221;center&#8221; custom_padding=&#8221;50px||0px|||&#8221;]<\/p>\n<h3>L&#8217;altra parte dell&#8217;Adriatico.<\/h3>\n<p>Ogni anno torno in Croazia. Di nuovo? S\u00ec. Di nuovo.<br \/>Perch\u00e9 non vedo la necessit\u00e0 di <a href=\"https:\/\/compagniaditurismoecultura.it\/viaggi-organizzati\/\" target=\"_blank\" rel=\"noopener\" title=\"traversate oceaniche\">traversate oceaniche<\/a> quando la vera vacanza per me inizia dall\u2019altra parte dell\u2019Adriatico.<br \/>In primavera inizia a montarmi la nostalgia di questa scena: il traghetto entra nel porto di Spalato e sono le sette del mattino. Io sono l\u00ec sul ponte e mi sento felice.<br \/>Perch\u00e9 Spalato con le sue dritte palme distribuite lineari lungo la passeggiata e con la sua pietra bianca, accecante al sole, con le sue mura e i suoi antichi palazzi suscita in me autentica e profonda tenerezza.<br \/>Sottovalutata. A priori. Chiss\u00e0 perch\u00e9 questa terra lo \u00e8 da sempre. Addirittura c\u2019\u00e8 chi \u00e8 convinto che sia una terra di zingari e contrabbandieri. La mia Croazia! Sar\u00e0 perch\u00e9 \u00e8 la porta dei Balcani. Una porta d\u2019accesso a un mondo poco conosciuto. Una via di mezzo tra impero ottomano e impero austroungarico. Terra contesa. Terra di guerre.<br \/>Ma io in queste lande mi sento bene. Forse proprio per quest\u2019identit\u00e0 ibrida cos\u00ec seducente. Un possibilismo rilassante.<\/p>\n<h3>Croazia, una terra di mezzo.<\/h3>\n<p>Ciondolo fra strade che una volta avevano nomi italiani. Guardo palazzi veneziani. Prendo fiato sotto colonne bizantine. Compro camicette che ricordano (a me almeno) l&#8217;Ungheria. Mangio carne di agnello e bevo grappa alla prugna.<br \/>Di giorno \u00e8 impossibile passeggiare nelle antiche vie cittadine. Il bianco della pietra riverbera negli occhi, una salita via l&#8217;altra per raggiungere una chiesa e affacciarsi da lass\u00f9, verso un mare turchese con spiagge di roccia e ciottoli eburnei. Pinete profumate e anfratti raggiungibili solo via mare. Mura e pavimenti lucidi da sembrare quasi bagnati. Abbagliano.<br \/>Ma la sera\u2026. La sera quando il sole allunga il mondo in ombre sinuose e calde, la sera passeggiare nelle antiche cittadine della Dalmazia ha un che di estemporaneo.<br \/>Non entro mai nei musei o conventi. Mi ripetono che meritano, ma io qui in giro mi impigrisco. Divento indolente e dedico attenzione solo a ci\u00f2 che le strade e il panorama mi offrono. Osservo amiche che fumano e bevono caff\u00e8 ai tavoli dei bar. Getto qualche sguardo casuale all\u2019interno delle finestre di case antiche. Accarezzo gatti sornioni sdraiati all\u2019ombra di qualche pianta dall\u2019esuberante chioma. Chiudo gli occhi e sono in un\u2019epoca d\u2019oro. Sento i rumori dei marinai che preparano le navi piene di mercanzie. Sono pronti a salpare verso oriente.<\/p>\n<h3>Dubrovnik.<\/h3>\n<p>Tra le mura di Dubrovnik ferve febbrile l\u2019attivit\u00e0 dei preparativi: la famiglia Polo si arrende alle lusinghe di ricchezze lontane. La strada da qui fino alla corte dell\u2019imperatore mongolo \u00e8 lunga.<br \/>Del resto a Kor\u010dula, piccola isoletta davanti a Dubrovnik, sarebbe nato il Marco Polo che tanto ci ha fatto sognare. Sono in molti a contestarne le origini riconducendole a Venezia. Ma sono dati a cui non si risalir\u00e0 mai con precisione. Quindi tanto vale piazzare il pargolo prodigioso nella culla che pi\u00f9 ci aggrada: io lo faccio nascere qui. E da qui lo faccio partire. Insieme a lui salpo anche io, per seguire le orme di mercanti sulla via della seta e poi tornare carica di spezie e argenti. Esperienza e conoscenza.<br \/>Da Dubrovnik, al confine con il Montenegro, risalgo verso nord. I paesaggi costieri sono magnifici, anfratti e piccoli fiordi caratterizzano tutta la costa. Si attraversa un piccolo tratto di territorio bosniaco per poi rientrare in Croazia, accarezzare la riviera di Makarska e arrivare a Spalato.<br \/>Di qui sono passati tutti. Bizantini veneziani e romani. Anche africani. Qui Diocleziano, imperatore di origini barbare e acerrimo nemico dei cristiani, contava di ritirarsi nel proprio palazzo una volta lasciato il trono di Roma. Questo palazzo imperiale risalente al 305 d.C. si trova proprio nel centro della citt\u00e0 vecchia. Il perimetro delle sue mura, le sue colonne, i suoi fregi, fanno da sfondo alla vita cittadina. Ristoranti si alternano a negozietti che vendono gioielli in filigrana e corallo.<\/p>\n<h3>Trogir, da qui sono passati tutti i popoli del passato.<\/h3>\n<p>Mi spingo ancora pi\u00f9 a nord. Trogir. Mai sentita nominare vero? Eppure, una volta superato il piccolo ponte che la collega alla terra ferma si scopre una cittadina spettacolare su cui l&#8217;Unesco ha messo il bollino. Qui c&#8217;erano i greci. Dopo sono arrivati i romani. Poi i bizantini, i veneziani.<br \/>Le loro orme aleggiano ancora dietro ai portoni dei bei palazzi dall\u2019architettura veneziana. Dalle finestre bifore immagino i volti eterei delle dame di un tempo che seguono i passi di qualche mercante lungo la via.<br \/>Chiudo gli occhi e respiro un\u2019aria di fasto. Ma \u00e8 un fasto in qualche modo contenuto. Qualcosa di misurato e non esposto. Come gli eleganti cortiletti interni che nascondono la vita dal sole feroce della costa e dallo sguardo famelico di qualche avventuriero.<br \/>La Croazia non vuole esibire la sua storia. Ti accoglie senza troppi sorrisi ma con efficienza.<br \/>Sembra dire: so quello che valgo. Non ho bisogno di raccontarlo anche a te.<\/p>\n<p>[\/et_pb_text][\/et_pb_column][\/et_pb_row][\/et_pb_section]<\/p>\n","protected":false},"excerpt":{"rendered":"<p>L&#8217;altra parte dell&#8217;Adriatico. Ogni anno torno in Croazia. Di nuovo? S\u00ec. Di nuovo.Perch\u00e9 non vedo la necessit\u00e0 di traversate oceaniche quando la vera vacanza per me inizia dall\u2019altra parte dell\u2019Adriatico.In primavera inizia a montarmi la nostalgia di questa scena: il traghetto entra nel porto di Spalato e sono le sette del mattino. Io sono l\u00ec [&hellip;]<\/p>\n","protected":false},"author":2,"featured_media":1544,"comment_status":"open","ping_status":"open","sticky":false,"template":"","format":"standard","meta":{"_et_pb_use_builder":"on","_et_pb_old_content":"","_et_gb_content_width":""},"categories":[4],"tags":[],"_links":{"self":[{"href":"https:\/\/www.compagniaditurismoecultura.it\/blog\/wp-json\/wp\/v2\/posts\/1536"}],"collection":[{"href":"https:\/\/www.compagniaditurismoecultura.it\/blog\/wp-json\/wp\/v2\/posts"}],"about":[{"href":"https:\/\/www.compagniaditurismoecultura.it\/blog\/wp-json\/wp\/v2\/types\/post"}],"author":[{"embeddable":true,"href":"https:\/\/www.compagniaditurismoecultura.it\/blog\/wp-json\/wp\/v2\/users\/2"}],"replies":[{"embeddable":true,"href":"https:\/\/www.compagniaditurismoecultura.it\/blog\/wp-json\/wp\/v2\/comments?post=1536"}],"version-history":[{"count":10,"href":"https:\/\/www.compagniaditurismoecultura.it\/blog\/wp-json\/wp\/v2\/posts\/1536\/revisions"}],"predecessor-version":[{"id":2292,"href":"https:\/\/www.compagniaditurismoecultura.it\/blog\/wp-json\/wp\/v2\/posts\/1536\/revisions\/2292"}],"wp:featuredmedia":[{"embeddable":true,"href":"https:\/\/www.compagniaditurismoecultura.it\/blog\/wp-json\/wp\/v2\/media\/1544"}],"wp:attachment":[{"href":"https:\/\/www.compagniaditurismoecultura.it\/blog\/wp-json\/wp\/v2\/media?parent=1536"}],"wp:term":[{"taxonomy":"category","embeddable":true,"href":"https:\/\/www.compagniaditurismoecultura.it\/blog\/wp-json\/wp\/v2\/categories?post=1536"},{"taxonomy":"post_tag","embeddable":true,"href":"https:\/\/www.compagniaditurismoecultura.it\/blog\/wp-json\/wp\/v2\/tags?post=1536"}],"curies":[{"name":"wp","href":"https:\/\/api.w.org\/{rel}","templated":true}]}}