{"id":1497,"date":"2021-02-24T15:20:14","date_gmt":"2021-02-24T14:20:14","guid":{"rendered":"https:\/\/www.compagniaditurismoecultura.it\/blog\/?p=1497"},"modified":"2021-07-07T10:56:27","modified_gmt":"2021-07-07T08:56:27","slug":"viaggio-nord-europa","status":"publish","type":"post","link":"https:\/\/www.compagniaditurismoecultura.it\/blog\/viaggio-nord-europa\/","title":{"rendered":"Nord Europa"},"content":{"rendered":"<p>[et_pb_section fb_built=&#8221;1&#8243; admin_label=&#8221;Tour CTA &#038; Information Section&#8221; _builder_version=&#8221;3.22&#8243; custom_padding=&#8221;4px|0px|2px|0px|false|false&#8221;][et_pb_row column_structure=&#8221;1_2,1_2&#8243; admin_label=&#8221;Tour CTA &#038; Information Row&#8221; _builder_version=&#8221;3.25&#8243; custom_padding=&#8221;||3px|||&#8221;][et_pb_column type=&#8221;1_2&#8243; _builder_version=&#8221;3.25&#8243; custom_padding=&#8221;|||&#8221; custom_padding__hover=&#8221;|||&#8221;][et_pb_cta title=&#8221;Nord Europa&#8221; button_url=&#8221;#TOP&#8221; _builder_version=&#8221;4.9.0&#8243; header_level=&#8221;h1&#8243; header_font=&#8221;Noto Serif|700|||||||&#8221; header_font_size=&#8221;44px&#8221; header_line_height=&#8221;1.5em&#8221; body_font=&#8221;Noto Sans||||||||&#8221; body_text_align=&#8221;right&#8221; body_font_size=&#8221;17px&#8221; body_line_height=&#8221;2em&#8221; use_background_color=&#8221;off&#8221; custom_button=&#8221;on&#8221; button_text_size=&#8221;17px&#8221; button_text_color=&#8221;#ffffff&#8221; button_bg_color=&#8221;#ff6b5a&#8221; button_border_width=&#8221;10px&#8221; button_border_color=&#8221;#ff6b5a&#8221; button_border_radius=&#8221;100px&#8221; button_font=&#8221;Noto Sans|700||on|||||&#8221; button_use_icon=&#8221;off&#8221; button_alignment=&#8221;right&#8221; text_orientation=&#8221;right&#8221; background_layout=&#8221;light&#8221; max_width=&#8221;480px&#8221; max_width_tablet=&#8221;&#8221; max_width_phone=&#8221;&#8221; max_width_last_edited=&#8221;on|tablet&#8221; module_alignment=&#8221;left&#8221; header_font_size_tablet=&#8221;&#8221; header_font_size_phone=&#8221;34px&#8221; header_font_size_last_edited=&#8221;on|phone&#8221; button_text_color_hover=&#8221;#ffffff&#8221; button_border_color_hover=&#8221;#ff9e59&#8243; button_bg_color_hover=&#8221;#ff9e59&#8243; button_text_size__hover_enabled=&#8221;off&#8221; button_one_text_size__hover_enabled=&#8221;off&#8221; button_two_text_size__hover_enabled=&#8221;off&#8221; button_text_color__hover_enabled=&#8221;on&#8221; button_text_color__hover=&#8221;#ffffff&#8221; button_one_text_color__hover_enabled=&#8221;off&#8221; button_two_text_color__hover_enabled=&#8221;off&#8221; button_border_width__hover_enabled=&#8221;off&#8221; button_one_border_width__hover_enabled=&#8221;off&#8221; button_two_border_width__hover_enabled=&#8221;off&#8221; button_border_color__hover_enabled=&#8221;on&#8221; button_border_color__hover=&#8221;#ff9e59&#8243; button_one_border_color__hover_enabled=&#8221;off&#8221; button_two_border_color__hover_enabled=&#8221;off&#8221; button_border_radius__hover_enabled=&#8221;off&#8221; button_one_border_radius__hover_enabled=&#8221;off&#8221; button_two_border_radius__hover_enabled=&#8221;off&#8221; button_letter_spacing__hover_enabled=&#8221;off&#8221; button_one_letter_spacing__hover_enabled=&#8221;off&#8221; button_two_letter_spacing__hover_enabled=&#8221;off&#8221; button_bg_color__hover_enabled=&#8221;on&#8221; button_bg_color__hover=&#8221;#ff9e59&#8243; button_one_bg_color__hover_enabled=&#8221;off&#8221; button_two_bg_color__hover_enabled=&#8221;off&#8221;][\/et_pb_cta][\/et_pb_column][et_pb_column type=&#8221;1_2&#8243; _builder_version=&#8221;3.25&#8243; custom_padding=&#8221;|||&#8221; custom_padding__hover=&#8221;|||&#8221;][et_pb_post_title title=&#8221;off&#8221; date_format=&#8221;d M Y&#8221; _builder_version=&#8221;4.9.7&#8243; _module_preset=&#8221;default&#8221; hover_enabled=&#8221;0&#8243; featured_image=&#8221;off&#8221; sticky_enabled=&#8221;0&#8243; locked=&#8221;off&#8221;][\/et_pb_post_title][\/et_pb_column][\/et_pb_row][\/et_pb_section][et_pb_section fb_built=&#8221;1&#8243; fullwidth=&#8221;on&#8221; _builder_version=&#8221;4.6.6&#8243; _module_preset=&#8221;default&#8221;][et_pb_fullwidth_image src=&#8221;https:\/\/www.compagniaditurismoecultura.it\/blog\/wp-content\/uploads\/2021\/02\/geyser.jpg&#8221; alt=&#8221;musica cinese&#8221; title_text=&#8221;geyser&#8221; _builder_version=&#8221;4.9.0&#8243; _module_preset=&#8221;default&#8221;][\/et_pb_fullwidth_image][\/et_pb_section][et_pb_section fb_built=&#8221;1&#8243; admin_label=&#8221;Useful Travel Trips&#8221; _builder_version=&#8221;3.22&#8243; custom_padding=&#8221;0px|0px|0px|0px|true|false&#8221;][et_pb_row _builder_version=&#8221;3.25&#8243; custom_padding=&#8221;1px|||||&#8221;][et_pb_column type=&#8221;4_4&#8243; _builder_version=&#8221;3.25&#8243; custom_padding=&#8221;|||&#8221; custom_padding__hover=&#8221;|||&#8221;][et_pb_text _builder_version=&#8221;4.9.2&#8243; text_font=&#8221;Noto Sans||on||||||&#8221; text_font_size=&#8221;17px&#8221; text_line_height=&#8221;2em&#8221; header_font=&#8221;||||||||&#8221; header_3_font=&#8221;|800|||||||&#8221; max_width=&#8221;800px&#8221; max_width_tablet=&#8221;&#8221; max_width_phone=&#8221;&#8221; max_width_last_edited=&#8221;on|phone&#8221; module_alignment=&#8221;center&#8221; custom_padding=&#8221;50px||0px|||&#8221;]<\/p>\n<h3>Terra di contrasti.<\/h3>\n<p>Ma come fanno? I nordici che ci sia sole o diluvi vanno sempre in bici. Pedalano. Si fermano al rosso. Ripartono felici.<br \/>Ne ho visti di italiani felici persi con il naso all\u2019aria nelle pi\u00f9 ovvie considerazioni su quanto sia bella la vita e le nuvole venir insultati dal ciclista che se li trova nel mezzo della pista ciclabile. L\u2019italiano si spaventa alla frenata e viene caricato di parole aguzze come pietre non lavorate dall\u2019acqua.<br \/>Come fa gente che parla cos\u00ec a fare torte di mele cos\u00ec buone e dolci?<br \/>Non \u00e8 forse vero che la peculiarit\u00e0 di queste terre sta nella contraddizione?<br \/>Eroi germanici con barbe lunghe, scudi pesanti e cavalli enormi, affiancati da piccoli e fragili elfi che gli islandesi credono vivano dentro le pietre.<br \/>Geyser di acqua e fango bollente che salgono da un terreno ricoperto di ghiaccio e neve perenne. Giornate di sole interminabili nei periodi estivi e tenebre pi\u00f9 totali con l\u2019arrivo dell\u2019inverno.<br \/>Rigore luterano e beghine contro libert\u00e0 di costumi e quartieri a luci rosse. Lord inglesi che bevono il the accanto a equivoci giovanotti dai capelli color limone.<br \/>L\u2019Urlo di Munch e i serafici fiamminghi (che comunque andavano a dipingere in Provenza data la scarsit\u00e0 di luce a casa loro).<\/p>\n<h3>Il Nord mi piace, ma poi devo tornare al Sud.<\/h3>\n<p>In questo mondo di contrasti hanno avuto i natali personaggi i cui nomi resteranno indelebili sulle pagine di storia dell\u2019arte, musica e letteratura mondiali. Le saghe nordiche non avrebbero lo stesso fascino se non accompagnate dalle note di Wagner. I poemi di Goethe perderebbero di vigore se non ambientati negli spazi rigorosi e infiniti del Nord. La raffinata e simbolica cultura celtica trova ancora oggi le radici affondate nello stile di vita genuino e naturale delle genti che popolano Galway e dintorni.<br \/>Il Nord mi piace. Un p\u00f2. Per un po\u2019. Poi devo tornare a sud.<br \/>Mi intriga la sua compostezza. Mi sgomenta la sua capacit\u00e0 di essere al contempo moderno e tradizionale. Il Nord riesce a mischiare realt\u00e0 e fantasia, facendo della fantasia una cosa reale. E rendendo la realt\u00e0 sempre pi\u00f9 simile a una favola.<\/p>\n<h3>I popoli del Nord.<\/h3>\n<p>In Irlanda nelle isole Aran il ragazzo che ci accompagna in giro ci spiega che l\u2019unica banca dell\u2019isola \u00e8 aperta il marted\u00ec e il venerd\u00ec. \u201cIl marted\u00ec portiamo i soldi e il venerd\u00ec andiamo a riprenderceli\u201d. Ride della sua battuta e prosegue mostrandoci le case dei leprechaun (folletti). Si tratta di piccole graziosissime casette costruite in muratura per questi minuscoli abitanti. Quando qualcuno gli domanda se li ha mai visti, ferma l\u2019auto, si volta verso il visitatore che ha posto la domanda e serio dice \u201cIl venerd\u00ec sera, quando torno a casa, dopo la nona guinness, ne vedo sempre un casino!!!Credimi amico\u201d e gi\u00f9 di nuovo a ridere.<br \/>Sul momento ho pensato fossero gli irlandesi ad essere strani. Ma poi mi \u00e8 capitata la stessa cosa in Germania. La mia guida si chiamava con un nome tipico, qualcosa tipo Ambrosius o gi\u00f9 di l\u00ec. Si \u00e8 presentato algido e serafico, occhi di ghiaccio e neanche un capello a interrompere la perfetta circonferenza glabra della testa. \u201cEsigo puntualit\u00e0 e silenzio durante le mie spiegazioni. Sono riuscito a trasferire questo concetto?\u201d.<br \/>Come no?! Il concetto era passato insieme a un immediata dose di antipatia. Tempo un paio di ore e il gelido Ambrosius, o gi\u00f9 di l\u00ec, sghignazzava con una turista raccontandole che era follemente innamorato di una ragazza di Bari che gli preparava le orecchiette al sugo. Niente di meglio dalla vita, continuava a ripetere, neanche per un prussiano come me!<br \/>Ma lo sapete cosa mangiano gli islandesi: un piatto che si chiama Sursadhirhrutspungar . Tradotto in italiano corrisponde grosso modo a \u201ctesticoli di agnello\u201d. Poi si abbuffano di Hakarl ovvero carne di squalo fatta stagionare sotto terra per molti mesi (quindi squalo putrefatto). Quando \u00e8 festa mangiano lo svi\u00f0 cio\u00e8 testa di pecora bollita o fresca e il bl\u00f3\u00f0m\u00f6r ossia insaccato di sangue di pecora avvolto in grasso di rognone.<br \/>Ci vuole fantasia per campare in questi posti. Almeno a tavola.<br \/>Chi non ne ha finisce in depressione e il tasso di suicidi \u00e8 altissimo. In pi\u00f9, se vogliamo dirla tutta, non \u00e8 che la loro letteratura sollevi di molto il morale. Avete mai provato a leggere l\u2019Edda di Snorri? Non \u00e8 un invito a farlo.<br \/>Lasciamo da parte la letteratura, la cucina e il buon umore. Questi hanno una terra che per magia e paesaggi mozzafiato non ha pari in tutto il resto d\u2019Europa. Dopo avere percorso km e km di strada senza incontrare anima viva a parte qualche pecora sono arrivata in un\u2019isolata fattoria sulla costa est dell\u2019isola. Un vecchietto mi \u00e8 venuto incontro scocciato. Era la seconda visita che riceveva in un mese e non si capacitava di tutto questo traffico.<br \/>E i Belgi Che siano tutti come Poirot? C\u2019\u00e8 davvero da avere paura a confonderli con i francesi? Passeggi per esempio a Bruxelles e non ti accorgi di passare da un quartiere all\u2019altro. Nel frattempo tutti i cartelli stradali sono cambiati perch\u00e9 hai sconfinato nella zona fiamminga o in quella vallone. Pochi metri e sei fregato!<\/p>\n<h3>La semplicit\u00e0 del Nord.<\/h3>\n<p>Ma la cosa che pi\u00f9 amo della gente del nord europa \u00e8 la semplicit\u00e0. Anche dietro al ragazzotto peggio vestito con uno skateboard sotto braccio potrebbe celarsi un fisico nucleare. Anche la pi\u00f9 umile vecchina che siede accanto all\u2019ingresso di un palazzo in Danimarca parla probabilmente correttamente tedesco e inglese, oltre ovviamente, al danese.<br \/>I nordici vanno al di l\u00e0 delle apparenze e restano un popolo legato alla sostanza. Rigorosi ma ironici. Puntuali ma colorati. Intransigenti anche se raccontano sempre le fiabe.<br \/>Siamo sicuri di non dire che sono grigi e monocorde solo perch\u00e9 siamo una volpe stanca di voler <a href=\"https:\/\/compagniaditurismoecultura.it\/viaggi-organizzati\/\" target=\"_blank\" rel=\"noopener\" title=\"arrivare\">arrivare<\/a> a un grappolo di uva che sta in un ramo troppo in alto?<\/p>\n<p>[\/et_pb_text][\/et_pb_column][\/et_pb_row][\/et_pb_section]<\/p>\n","protected":false},"excerpt":{"rendered":"<p>Terra di contrasti. Ma come fanno? I nordici che ci sia sole o diluvi vanno sempre in bici. Pedalano. Si fermano al rosso. Ripartono felici.Ne ho visti di italiani felici persi con il naso all\u2019aria nelle pi\u00f9 ovvie considerazioni su quanto sia bella la vita e le nuvole venir insultati dal ciclista che se li [&hellip;]<\/p>\n","protected":false},"author":2,"featured_media":1506,"comment_status":"open","ping_status":"open","sticky":false,"template":"","format":"standard","meta":{"_et_pb_use_builder":"on","_et_pb_old_content":"","_et_gb_content_width":""},"categories":[4],"tags":[],"_links":{"self":[{"href":"https:\/\/www.compagniaditurismoecultura.it\/blog\/wp-json\/wp\/v2\/posts\/1497"}],"collection":[{"href":"https:\/\/www.compagniaditurismoecultura.it\/blog\/wp-json\/wp\/v2\/posts"}],"about":[{"href":"https:\/\/www.compagniaditurismoecultura.it\/blog\/wp-json\/wp\/v2\/types\/post"}],"author":[{"embeddable":true,"href":"https:\/\/www.compagniaditurismoecultura.it\/blog\/wp-json\/wp\/v2\/users\/2"}],"replies":[{"embeddable":true,"href":"https:\/\/www.compagniaditurismoecultura.it\/blog\/wp-json\/wp\/v2\/comments?post=1497"}],"version-history":[{"count":7,"href":"https:\/\/www.compagniaditurismoecultura.it\/blog\/wp-json\/wp\/v2\/posts\/1497\/revisions"}],"predecessor-version":[{"id":2294,"href":"https:\/\/www.compagniaditurismoecultura.it\/blog\/wp-json\/wp\/v2\/posts\/1497\/revisions\/2294"}],"wp:featuredmedia":[{"embeddable":true,"href":"https:\/\/www.compagniaditurismoecultura.it\/blog\/wp-json\/wp\/v2\/media\/1506"}],"wp:attachment":[{"href":"https:\/\/www.compagniaditurismoecultura.it\/blog\/wp-json\/wp\/v2\/media?parent=1497"}],"wp:term":[{"taxonomy":"category","embeddable":true,"href":"https:\/\/www.compagniaditurismoecultura.it\/blog\/wp-json\/wp\/v2\/categories?post=1497"},{"taxonomy":"post_tag","embeddable":true,"href":"https:\/\/www.compagniaditurismoecultura.it\/blog\/wp-json\/wp\/v2\/tags?post=1497"}],"curies":[{"name":"wp","href":"https:\/\/api.w.org\/{rel}","templated":true}]}}