{"id":1474,"date":"2021-02-17T11:57:57","date_gmt":"2021-02-17T10:57:57","guid":{"rendered":"https:\/\/www.compagniaditurismoecultura.it\/blog\/?p=1474"},"modified":"2021-07-07T20:27:41","modified_gmt":"2021-07-07T18:27:41","slug":"paralleli-meridiani-8","status":"publish","type":"post","link":"https:\/\/www.compagniaditurismoecultura.it\/blog\/paralleli-meridiani-8\/","title":{"rendered":"Paralleli e Meridiani n.8"},"content":{"rendered":"<p>[et_pb_section fb_built=&#8221;1&#8243; admin_label=&#8221;Tour CTA &#038; Information Section&#8221; _builder_version=&#8221;3.22&#8243; custom_padding=&#8221;0px|0px|0px|0px|false|false&#8221;][et_pb_row column_structure=&#8221;1_2,1_2&#8243; admin_label=&#8221;Tour CTA &#038; Information Row&#8221; _builder_version=&#8221;3.25&#8243;][et_pb_column type=&#8221;1_2&#8243; _builder_version=&#8221;3.25&#8243; custom_padding=&#8221;|||&#8221; custom_padding__hover=&#8221;|||&#8221;][et_pb_cta title=&#8221;What? Who? Where? When? Why?&#8221; button_url=&#8221;#TOP&#8221; _builder_version=&#8221;4.9.7&#8243; header_font=&#8221;Noto Serif|700|||||||&#8221; header_font_size=&#8221;44px&#8221; header_line_height=&#8221;1.5em&#8221; body_font=&#8221;Noto Sans||||||||&#8221; body_text_align=&#8221;right&#8221; body_font_size=&#8221;17px&#8221; body_line_height=&#8221;2em&#8221; use_background_color=&#8221;off&#8221; custom_button=&#8221;on&#8221; button_text_size=&#8221;17px&#8221; button_text_color=&#8221;#ffffff&#8221; button_bg_color=&#8221;#ff6b5a&#8221; button_border_width=&#8221;10px&#8221; button_border_color=&#8221;#ff6b5a&#8221; button_border_radius=&#8221;100px&#8221; button_font=&#8221;Noto Sans|700||on|||||&#8221; button_use_icon=&#8221;off&#8221; button_alignment=&#8221;right&#8221; text_orientation=&#8221;right&#8221; background_layout=&#8221;light&#8221; max_width=&#8221;480px&#8221; max_width_tablet=&#8221;&#8221; max_width_phone=&#8221;&#8221; max_width_last_edited=&#8221;on|tablet&#8221; module_alignment=&#8221;left&#8221; hover_enabled=&#8221;0&#8243; header_font_size_tablet=&#8221;&#8221; header_font_size_phone=&#8221;34px&#8221; header_font_size_last_edited=&#8221;on|phone&#8221; button_text_color_hover=&#8221;#ffffff&#8221; button_border_color_hover=&#8221;#ff9e59&#8243; button_bg_color_hover=&#8221;#ff9e59&#8243; button_text_size__hover_enabled=&#8221;off&#8221; button_one_text_size__hover_enabled=&#8221;off&#8221; button_two_text_size__hover_enabled=&#8221;off&#8221; button_text_color__hover_enabled=&#8221;on&#8221; button_text_color__hover=&#8221;#ffffff&#8221; button_one_text_color__hover_enabled=&#8221;off&#8221; button_two_text_color__hover_enabled=&#8221;off&#8221; button_border_width__hover_enabled=&#8221;off&#8221; button_one_border_width__hover_enabled=&#8221;off&#8221; button_two_border_width__hover_enabled=&#8221;off&#8221; button_border_color__hover_enabled=&#8221;on&#8221; button_border_color__hover=&#8221;#ff9e59&#8243; button_one_border_color__hover_enabled=&#8221;off&#8221; button_two_border_color__hover_enabled=&#8221;off&#8221; button_border_radius__hover_enabled=&#8221;off&#8221; button_one_border_radius__hover_enabled=&#8221;off&#8221; button_two_border_radius__hover_enabled=&#8221;off&#8221; button_letter_spacing__hover_enabled=&#8221;off&#8221; button_one_letter_spacing__hover_enabled=&#8221;off&#8221; button_two_letter_spacing__hover_enabled=&#8221;off&#8221; button_bg_color__hover_enabled=&#8221;on&#8221; button_bg_color__hover=&#8221;#ff9e59&#8243; button_one_bg_color__hover_enabled=&#8221;off&#8221; button_two_bg_color__hover_enabled=&#8221;off&#8221; sticky_enabled=&#8221;0&#8243;][\/et_pb_cta][et_pb_text _builder_version=&#8221;4.9.0&#8243; _module_preset=&#8221;default&#8221; custom_padding=&#8221;0px||0px|||&#8221;]<\/p>\n<p>Ispirato a \u201cQuale Paese ha pi\u00f9\u2026?\u201d e \u201cChe anno sar\u00e0\u2026?\u201d, Focus D&amp;R \u2013 Domande e Risposte, Febbraio 2021.<\/p>\n<p>[\/et_pb_text][\/et_pb_column][et_pb_column type=&#8221;1_2&#8243; _builder_version=&#8221;3.25&#8243; custom_padding=&#8221;|||&#8221; custom_padding__hover=&#8221;|||&#8221;][et_pb_post_title title=&#8221;off&#8221; date_format=&#8221;d M Y&#8221; featured_image=&#8221;off&#8221; _builder_version=&#8221;4.9.7&#8243; _module_preset=&#8221;default&#8221; locked=&#8221;off&#8221;][\/et_pb_post_title][\/et_pb_column][\/et_pb_row][et_pb_row _builder_version=&#8221;4.7.7&#8243; _module_preset=&#8221;default&#8221;][et_pb_column type=&#8221;4_4&#8243; _builder_version=&#8221;4.7.7&#8243; _module_preset=&#8221;default&#8221;][et_pb_image src=&#8221;https:\/\/www.compagniaditurismoecultura.it\/blog\/wp-content\/uploads\/2021\/02\/geografia.jpg&#8221; title_text=&#8221;geografia&#8221; _builder_version=&#8221;4.9.0&#8243; _module_preset=&#8221;default&#8221;][\/et_pb_image][et_pb_text _builder_version=&#8221;4.9.0&#8243; text_font=&#8221;||||||||&#8221; text_font_size=&#8221;17px&#8221; text_line_height=&#8221;2em&#8221; link_font=&#8221;||||||||&#8221; ul_font=&#8221;||||||||&#8221; ol_font=&#8221;||||||||&#8221; quote_font=&#8221;||||||||&#8221; header_font=&#8221;||||||||&#8221; header_2_font=&#8221;||||||||&#8221; header_5_font=&#8221;|700|||||||&#8221; header_5_text_color=&#8221;#000000&#8243; header_5_font_size=&#8221;20px&#8221; header_5_line_height=&#8221;2em&#8221; custom_margin=&#8221;||1px|||&#8221; custom_padding=&#8221;12px||0px|||&#8221;]<\/p>\n<h5>Focus D&amp;R lo sa.<\/h5>\n<p>[\/et_pb_text][\/et_pb_column][\/et_pb_row][\/et_pb_section][et_pb_section fb_built=&#8221;1&#8243; specialty=&#8221;on&#8221; _builder_version=&#8221;4.7.7&#8243; _module_preset=&#8221;default&#8221; custom_padding=&#8221;3px||1px|||&#8221;][et_pb_column type=&#8221;1_2&#8243; _builder_version=&#8221;3.25&#8243; custom_padding=&#8221;|||&#8221; custom_padding__hover=&#8221;|||&#8221;][et_pb_image src=&#8221;https:\/\/www.compagniaditurismoecultura.it\/blog\/wp-content\/uploads\/2021\/02\/terra.jpg&#8221; alt=&#8221;titanic&#8221; title_text=&#8221;terra&#8221; _builder_version=&#8221;4.9.0&#8243; _module_preset=&#8221;default&#8221;][\/et_pb_image][\/et_pb_column][et_pb_column type=&#8221;1_2&#8243; specialty_columns=&#8221;2&#8243; _builder_version=&#8221;3.25&#8243; custom_padding=&#8221;|||&#8221; custom_padding__hover=&#8221;|||&#8221;][et_pb_row_inner _builder_version=&#8221;4.7.7&#8243; _module_preset=&#8221;default&#8221; custom_padding=&#8221;||2px|||&#8221;][et_pb_column_inner saved_specialty_column_type=&#8221;1_2&#8243; _builder_version=&#8221;4.7.7&#8243; _module_preset=&#8221;default&#8221;][et_pb_text _builder_version=&#8221;4.9.0&#8243; _module_preset=&#8221;default&#8221; header_2_font=&#8221;|700|on||||||&#8221; header_2_font_size=&#8221;19px&#8221; header_2_line_height=&#8221;1.2em&#8221; custom_padding=&#8221;4px||0px|||&#8221; header_2_font_size_tablet=&#8221;&#8221; header_2_font_size_phone=&#8221;18px&#8221; header_2_font_size_last_edited=&#8221;on|phone&#8221;]<\/p>\n<h2><span style=\"font-size: 16px;\">Quale Paese ha pi\u00f9\u2026?<\/span><\/h2>\n<p>[\/et_pb_text][\/et_pb_column_inner][\/et_pb_row_inner][et_pb_row_inner _builder_version=&#8221;4.7.7&#8243; _module_preset=&#8221;default&#8221; custom_margin=&#8221;-3px|||||&#8221;][et_pb_column_inner saved_specialty_column_type=&#8221;1_2&#8243; _builder_version=&#8221;4.7.7&#8243; _module_preset=&#8221;default&#8221;][et_pb_text _builder_version=&#8221;4.9.0&#8243; _module_preset=&#8221;default&#8221; text_font=&#8221;||on||||||&#8221; custom_margin=&#8221;-5px|||||&#8221;]<\/p>\n<p>\u2026isole? La Svezia.<\/p>\n<p>Andando su un qualsiasi sito di mappe e zoomando sulle sue coste ci si pu\u00f2 subito render conto della moltitudine di isole e isolotti che caratterizzano questa Nazione. Si tratta per lo pi\u00f9 di terre disabitate ma se ne contano circa 221.800.<\/p>\n<p>E in Italia? Circa 800, comprese quelle lacustri e fluviali.<\/p>\n<p>[\/et_pb_text][\/et_pb_column_inner][\/et_pb_row_inner][\/et_pb_column][\/et_pb_section][et_pb_section fb_built=&#8221;1&#8243; admin_label=&#8221;Useful Travel Trips&#8221; _builder_version=&#8221;3.22&#8243; custom_padding=&#8221;5px|0px|5px|0px|true|false&#8221;][et_pb_row _builder_version=&#8221;3.25&#8243; custom_padding=&#8221;0px|||||&#8221;][et_pb_column type=&#8221;4_4&#8243; _builder_version=&#8221;3.25&#8243; custom_padding=&#8221;|||&#8221; custom_padding__hover=&#8221;|||&#8221;][et_pb_text _builder_version=&#8221;4.9.0&#8243; text_font=&#8221;Noto Sans||on||||||&#8221; text_font_size=&#8221;17px&#8221; text_line_height=&#8221;2em&#8221; header_font=&#8221;||||||||&#8221; header_2_font_size=&#8221;20px&#8221; max_width=&#8221;800px&#8221; max_width_tablet=&#8221;&#8221; max_width_phone=&#8221;&#8221; max_width_last_edited=&#8221;on|phone&#8221; module_alignment=&#8221;center&#8221; custom_padding=&#8221;|||&#8221;]<\/p>\n<p>\u2026laghi? Il Canada.<br \/> Impossibile definirne il numero preciso, anche per via dei ghiacciai che ne ricoprono gran parte durante i mesi invernali, ma se ne contano indicativamente 3 milioni, per un totale di circa 6 quadrilioni di litri d\u2019acqua.<br \/> E in Italia? Poco pi\u00f9 di 1.500.<\/p>\n<p> \u2026coste? Sempre il Canada.<br \/> Grazie alla sua immensa superficie (circa 10 milioni di kmq) ed alle oltre 50.000 isole, il Canada pu\u00f2 vantare ben 202.080 km di coste.<br \/> E in Italia? Se ne contano circa 7.914 km, tra spiagge e scogliere.<\/p>\n<p> \u2026fiumi? La Russia.<br \/> Essendo complicato censire con precisione il numero di corsi d\u2019acqua di un Paese, a causa di innumerevoli ramificazioni e passaggi sotterranei, \u00e8 necessario far riferimento a quelli che vantano il maggior numero di fiumi di oltre 1.000 km di lunghezza. Al primo posto, appunto, la Russia, che ne conta 36.<br \/> Curiosit\u00e0: al mondo esistono ben 18 stati senza fiumi, tra cui Arabia Saudita, Qatar e&#8230; Vaticano.<\/p>\n<p> \u2026montagne? Il Bhutan.<br \/> Come per i fiumi, contare il numero di picchi e montagnole risulterebbe impossibile e, sicuramente, Paesi vasti come Russia, Cina e Stati Uniti ne otterrebbero il primato. Se si prende per\u00f2 in esame l\u2019altitudine media, il vincitore \u00e8 il Bhutan con i suoi 3.280 metri. A seguire il Nepal (3.266) e il Tajikistan (3.187).<\/p>\n<p> \u2026vulcani? Gli Stati Uniti d\u2019America.<br \/> 173 vulcani. Di questi, 161 attivi e altri classificati come minaccia, soprattutto quelli hawaiani. Seguono la Russia con 166 e l\u2019Indonesia con 139. In Europa invece il primato spetta all\u2019Islanda, che ne conta 130.<\/p>\n<p> \u2026grotte? La Slovenia.<br \/> In relazione alla sua dimensione, la Slovenia vince il primato, grazie all\u2019origine prevalentemente carsica del suo territorio, come Paese al mondo con il maggio numero di grotte: 10.000 ogni 2 kmq.<br \/> E in Italia? Ce la caviamo bene, con circa 34.000 grotte censite, ma su una superficie 15 volte superiore a quella slovena.<\/p>\n<p> \u2026aree desertiche? L\u2019Antartide o l\u2019Australia?<br \/> Se con area desertica si intende la pi\u00f9 vasta zona priva di vegetazione, il primato lo ottiene l\u2019Antartide: il territorio pi\u00f9 \u201cdesertico\u201d del Pianeta (13.829.430 kmq).<br \/> Se invece consideriamo deserto le aree prive di precipitazioni, a causa delle alte temperature, allora la Nazione con la maggiore superficie brulla \u00e8 senza dubbio l\u2019Australia, completamente arida per il 18% della sua estensione, ossia 1.380.000 kmq.<\/p>\n<p>[\/et_pb_text][\/et_pb_column][\/et_pb_row][\/et_pb_section][et_pb_section fb_built=&#8221;1&#8243; specialty=&#8221;on&#8221; _builder_version=&#8221;4.7.7&#8243; _module_preset=&#8221;default&#8221; custom_padding=&#8221;3px||1px|||&#8221;][et_pb_column type=&#8221;1_2&#8243; _builder_version=&#8221;3.25&#8243; custom_padding=&#8221;|||&#8221; custom_padding__hover=&#8221;|||&#8221;][et_pb_image src=&#8221;https:\/\/www.compagniaditurismoecultura.it\/blog\/wp-content\/uploads\/2021\/02\/calendario.jpg&#8221; alt=&#8221;maldive&#8221; title_text=&#8221;calendario&#8221; _builder_version=&#8221;4.9.0&#8243; _module_preset=&#8221;default&#8221;][\/et_pb_image][\/et_pb_column][et_pb_column type=&#8221;1_2&#8243; specialty_columns=&#8221;2&#8243; _builder_version=&#8221;3.25&#8243; custom_padding=&#8221;|||&#8221; custom_padding__hover=&#8221;|||&#8221;][et_pb_row_inner _builder_version=&#8221;4.7.7&#8243; _module_preset=&#8221;default&#8221; custom_padding=&#8221;||2px|||&#8221;][et_pb_column_inner saved_specialty_column_type=&#8221;1_2&#8243; _builder_version=&#8221;4.7.7&#8243; _module_preset=&#8221;default&#8221;][et_pb_text _builder_version=&#8221;4.9.0&#8243; _module_preset=&#8221;default&#8221; header_2_font=&#8221;|700|on||||||&#8221; header_2_font_size=&#8221;19px&#8221; header_2_line_height=&#8221;1.2em&#8221; custom_padding=&#8221;4px||0px|||&#8221; header_2_font_size_tablet=&#8221;&#8221; header_2_font_size_phone=&#8221;18px&#8221; header_2_font_size_last_edited=&#8221;on|phone&#8221;]<\/p>\n<h2>In che anno siamo secondo il calendario\u2026?<\/h2>\n<p>[\/et_pb_text][\/et_pb_column_inner][\/et_pb_row_inner][et_pb_row_inner _builder_version=&#8221;4.7.7&#8243; _module_preset=&#8221;default&#8221; custom_margin=&#8221;-3px|||||&#8221;][et_pb_column_inner saved_specialty_column_type=&#8221;1_2&#8243; _builder_version=&#8221;4.7.7&#8243; _module_preset=&#8221;default&#8221;][et_pb_text _builder_version=&#8221;4.9.0&#8243; _module_preset=&#8221;default&#8221; text_font=&#8221;||on||||||&#8221; custom_margin=&#8221;-5px|||||&#8221;]<\/p>\n<p>Il 31 dicembre abbiamo salutato il 2020, con estrema gioia aggiungerei. Ma ci\u00f2 non \u00e8 accaduto in tutto il mondo. Oltre un miliardo di persone, infatti, non hanno festeggiato l\u2019inizio del 2021. Alcuni vivono nel 1399, altri nel 1442 e altri ancora nel 4718.\u00a0Come mai? Tutto dipende dai numerosi calendari ancora in uso: il Gregoriano.\u00a0Una sola costante: l\u2019astronomia.\u00a0<\/p>\n<p>[\/et_pb_text][\/et_pb_column_inner][\/et_pb_row_inner][\/et_pb_column][\/et_pb_section][et_pb_section fb_built=&#8221;1&#8243; admin_label=&#8221;Useful Travel Trips&#8221; _builder_version=&#8221;3.22&#8243; custom_padding=&#8221;5px|0px|5px|0px|true|false&#8221;][et_pb_row _builder_version=&#8221;3.25&#8243; custom_padding=&#8221;0px||3px|||&#8221;][et_pb_column type=&#8221;4_4&#8243; _builder_version=&#8221;3.25&#8243; custom_padding=&#8221;|||&#8221; custom_padding__hover=&#8221;|||&#8221;][et_pb_text _builder_version=&#8221;4.9.0&#8243; text_font=&#8221;Noto Sans||on||||||&#8221; text_font_size=&#8221;17px&#8221; text_line_height=&#8221;2em&#8221; header_font=&#8221;||||||||&#8221; header_2_font_size=&#8221;20px&#8221; max_width=&#8221;800px&#8221; max_width_tablet=&#8221;&#8221; max_width_phone=&#8221;&#8221; max_width_last_edited=&#8221;on|phone&#8221; module_alignment=&#8221;center&#8221; custom_padding=&#8221;|||&#8221;]<\/p>\n<p>\u2026Cinese. Anno del topo, 4718.<br \/>Composto generalmente da 12 mesi, ognuno di 29 o 30 giorni, il calendario cinese fu inventato 4718 anni fa ed \u00e8 detto \u201clunisolare\u201d. Ci\u00f2 perch\u00e9 basa la misurazione del tempo sia sulla rivoluzione terrestre attorno al Sole sia sulle fasi lunari. La lunghezza di ogni anno varia dai 353 ai 355 giorni e, quando cadono 13 lune piene all\u2019interno di un ciclo annuale, si aggiunge un mese in pi\u00f9, con il quale si recuperano i giorni persi rispetto alla rotazione terrestre. <br \/>Infine, ogni anno \u00e8 dedicato a uno dei 12 segni zodiacali orientali: topo, bue, tigre, coniglio, drago, serpente, cavallo, capra, scimmia, gallo, cane e maiale.<\/p>\n<p>\u2026Islamico. Anno 1442.<br \/>Adottato in molti Paesi di fede islamica, e in altri solo per le festivit\u00e0 religiose, \u00e8 un calendario lunare. Ci\u00f2 significa che scandisce il tempo seguendo esclusivamente le fasi della Luna. Ebbe inizio nel giorno in cui inizi\u00f2 l\u2019esodo del profeta Maometto. <br \/>L\u2019anno \u00e8 composto da 12 mesi di 29 o 30 giorni, per un totale di 354 giorni (355 negli anni bisestili). <br \/>Il 1442 islamico \u00e8 iniziato in corrispondenza del nostro 20 agosto 2020.<\/p>\n<p>&#8230;Ebraico. Anno 5781.<br \/>La sua origine \u00e8 religiosa: cade infatti nella data che, secondo la tradizione ebraica, coincide con la creazione del mondo. Ovvero il 6 ottobre del 3761 a.C., secondo il nostro calendario. <br \/>Come quello cinese, \u00e8 \u201clunisolare\u201d ed \u00e8 composto da 12 o 13 mesi, a loro volta formati da 29 o 30 giorni. <\/p>\n<p>&#8230;Persiano. Anno 1399.<br \/>Mentre il calendario gregoriano necessita di una correzione ogni 3.226 anni (perch\u00e9 ogni anno si perdono 55 minuti e 12 secondi), al calendario persiano ne basta una ogni 141.000.<br \/>\u00c8 adottato in Afghanistan e Iran e segue il ciclo solare; anche se gli anni bisestili variano in base alla data dell\u2019equinozio di primavera. <br \/>Il 21 marzo 2021 scoccher\u00e0 l\u2019anno 1400.<\/p>\n<p>&#8230;Altri calendari. <br \/>Non \u00e8 finita qui. Sono numerosi i calendari minori a cui, alcuni popoli, fanno riferimento.<br \/>In Etiopia, ad esempio, vige un calendario di derivazione copta, usato anche in Egitto per le festivit\u00e0. <br \/>In Bangladesh, Nepal e India ne usano uno solare, simile al nostro gregoriano, ma in cui l\u2019anno ha inizio a marzo. <br \/>Infine, numerose trib\u00f9 berbere del Nord Africa prediligono un calendario solare a discapito di quello islamico lunare, migliore per i cicli dell\u2019agricoltura.<\/p>\n<p>[\/et_pb_text][\/et_pb_column][\/et_pb_row][\/et_pb_section]<\/p>\n","protected":false},"excerpt":{"rendered":"<p>Ispirato a \u201cQuale Paese ha pi\u00f9\u2026?\u201d e \u201cChe anno sar\u00e0\u2026?\u201d, Focus D&amp;R \u2013 Domande e Risposte, Febbraio 2021.Focus D&amp;R lo sa.Quale Paese ha pi\u00f9\u2026?\u2026isole? La Svezia. Andando su un qualsiasi sito di mappe e zoomando sulle sue coste ci si pu\u00f2 subito render conto della moltitudine di isole e isolotti che caratterizzano questa Nazione. Si [&hellip;]<\/p>\n","protected":false},"author":3,"featured_media":0,"comment_status":"open","ping_status":"open","sticky":false,"template":"","format":"standard","meta":{"_et_pb_use_builder":"on","_et_pb_old_content":"","_et_gb_content_width":""},"categories":[1],"tags":[],"_links":{"self":[{"href":"https:\/\/www.compagniaditurismoecultura.it\/blog\/wp-json\/wp\/v2\/posts\/1474"}],"collection":[{"href":"https:\/\/www.compagniaditurismoecultura.it\/blog\/wp-json\/wp\/v2\/posts"}],"about":[{"href":"https:\/\/www.compagniaditurismoecultura.it\/blog\/wp-json\/wp\/v2\/types\/post"}],"author":[{"embeddable":true,"href":"https:\/\/www.compagniaditurismoecultura.it\/blog\/wp-json\/wp\/v2\/users\/3"}],"replies":[{"embeddable":true,"href":"https:\/\/www.compagniaditurismoecultura.it\/blog\/wp-json\/wp\/v2\/comments?post=1474"}],"version-history":[{"count":9,"href":"https:\/\/www.compagniaditurismoecultura.it\/blog\/wp-json\/wp\/v2\/posts\/1474\/revisions"}],"predecessor-version":[{"id":2389,"href":"https:\/\/www.compagniaditurismoecultura.it\/blog\/wp-json\/wp\/v2\/posts\/1474\/revisions\/2389"}],"wp:attachment":[{"href":"https:\/\/www.compagniaditurismoecultura.it\/blog\/wp-json\/wp\/v2\/media?parent=1474"}],"wp:term":[{"taxonomy":"category","embeddable":true,"href":"https:\/\/www.compagniaditurismoecultura.it\/blog\/wp-json\/wp\/v2\/categories?post=1474"},{"taxonomy":"post_tag","embeddable":true,"href":"https:\/\/www.compagniaditurismoecultura.it\/blog\/wp-json\/wp\/v2\/tags?post=1474"}],"curies":[{"name":"wp","href":"https:\/\/api.w.org\/{rel}","templated":true}]}}