{"id":1221,"date":"2021-01-13T11:22:21","date_gmt":"2021-01-13T10:22:21","guid":{"rendered":"https:\/\/www.compagniaditurismoecultura.it\/blog\/?p=1221"},"modified":"2021-07-07T20:29:22","modified_gmt":"2021-07-07T18:29:22","slug":"paralleli-meridiani-3","status":"publish","type":"post","link":"https:\/\/www.compagniaditurismoecultura.it\/blog\/paralleli-meridiani-3\/","title":{"rendered":"Paralleli e Meridiani n. 3"},"content":{"rendered":"<p>[et_pb_section fb_built=&#8221;1&#8243; admin_label=&#8221;Tour CTA &#038; Information Section&#8221; _builder_version=&#8221;3.22&#8243; custom_padding=&#8221;0px|0px|0px|0px|false|false&#8221;][et_pb_row column_structure=&#8221;1_2,1_2&#8243; admin_label=&#8221;Tour CTA &#038; Information Row&#8221; _builder_version=&#8221;3.25&#8243;][et_pb_column type=&#8221;1_2&#8243; _builder_version=&#8221;3.25&#8243; custom_padding=&#8221;|||&#8221; custom_padding__hover=&#8221;|||&#8221;][et_pb_cta title=&#8221;Sembra talco ma non \u00e8&#8221; button_url=&#8221;#TOP&#8221; _builder_version=&#8221;4.9.7&#8243; header_font=&#8221;Noto Serif|700|||||||&#8221; header_font_size=&#8221;40px&#8221; header_line_height=&#8221;1.5em&#8221; body_font=&#8221;Noto Sans||||||||&#8221; body_text_align=&#8221;right&#8221; body_font_size=&#8221;17px&#8221; body_line_height=&#8221;2em&#8221; use_background_color=&#8221;off&#8221; custom_button=&#8221;on&#8221; button_text_size=&#8221;17px&#8221; button_text_color=&#8221;#ffffff&#8221; button_bg_color=&#8221;#ff6b5a&#8221; button_border_width=&#8221;10px&#8221; button_border_color=&#8221;#ff6b5a&#8221; button_border_radius=&#8221;100px&#8221; button_font=&#8221;Noto Sans|700||on|||||&#8221; button_use_icon=&#8221;off&#8221; button_alignment=&#8221;right&#8221; text_orientation=&#8221;right&#8221; background_layout=&#8221;light&#8221; max_width=&#8221;480px&#8221; max_width_tablet=&#8221;&#8221; max_width_phone=&#8221;&#8221; max_width_last_edited=&#8221;on|tablet&#8221; module_alignment=&#8221;left&#8221; hover_enabled=&#8221;0&#8243; header_font_size_tablet=&#8221;&#8221; header_font_size_phone=&#8221;34px&#8221; header_font_size_last_edited=&#8221;on|phone&#8221; button_text_color_hover=&#8221;#ffffff&#8221; button_border_color_hover=&#8221;#ff9e59&#8243; button_bg_color_hover=&#8221;#ff9e59&#8243; button_text_size__hover_enabled=&#8221;off&#8221; button_one_text_size__hover_enabled=&#8221;off&#8221; button_two_text_size__hover_enabled=&#8221;off&#8221; button_text_color__hover_enabled=&#8221;on&#8221; button_text_color__hover=&#8221;#ffffff&#8221; button_one_text_color__hover_enabled=&#8221;off&#8221; button_two_text_color__hover_enabled=&#8221;off&#8221; button_border_width__hover_enabled=&#8221;off&#8221; button_one_border_width__hover_enabled=&#8221;off&#8221; button_two_border_width__hover_enabled=&#8221;off&#8221; button_border_color__hover_enabled=&#8221;on&#8221; button_border_color__hover=&#8221;#ff9e59&#8243; button_one_border_color__hover_enabled=&#8221;off&#8221; button_two_border_color__hover_enabled=&#8221;off&#8221; button_border_radius__hover_enabled=&#8221;off&#8221; button_one_border_radius__hover_enabled=&#8221;off&#8221; button_two_border_radius__hover_enabled=&#8221;off&#8221; button_letter_spacing__hover_enabled=&#8221;off&#8221; button_one_letter_spacing__hover_enabled=&#8221;off&#8221; button_two_letter_spacing__hover_enabled=&#8221;off&#8221; button_bg_color__hover_enabled=&#8221;on&#8221; button_bg_color__hover=&#8221;#ff9e59&#8243; button_one_bg_color__hover_enabled=&#8221;off&#8221; button_two_bg_color__hover_enabled=&#8221;off&#8221; sticky_enabled=&#8221;0&#8243;][\/et_pb_cta][et_pb_text _builder_version=&#8221;4.7.7&#8243; _module_preset=&#8221;default&#8221;]<\/p>\n<p>Ispirato a \u201cLa cocaina universale\u201d, Internazionale n. 1391, 8 Gennaio 2021.<\/p>\n<p>[\/et_pb_text][\/et_pb_column][et_pb_column type=&#8221;1_2&#8243; _builder_version=&#8221;3.25&#8243; custom_padding=&#8221;|||&#8221; custom_padding__hover=&#8221;|||&#8221;][et_pb_post_title title=&#8221;off&#8221; date_format=&#8221;d M Y&#8221; featured_image=&#8221;off&#8221; _builder_version=&#8221;4.9.7&#8243; _module_preset=&#8221;default&#8221; locked=&#8221;off&#8221;][\/et_pb_post_title][\/et_pb_column][\/et_pb_row][et_pb_row _builder_version=&#8221;4.7.7&#8243; _module_preset=&#8221;default&#8221;][et_pb_column type=&#8221;4_4&#8243; _builder_version=&#8221;4.7.7&#8243; _module_preset=&#8221;default&#8221;][et_pb_image src=&#8221;https:\/\/www.compagniaditurismoecultura.it\/blog\/wp-content\/uploads\/2021\/01\/Narcotraffico-narcotrafficanti.jpg&#8221; title_text=&#8221;Narcotraffico narcotrafficanti&#8221; _builder_version=&#8221;4.7.7&#8243; _module_preset=&#8221;default&#8221;][\/et_pb_image][et_pb_text _builder_version=&#8221;4.7.7&#8243; text_font=&#8221;||||||||&#8221; text_font_size=&#8221;17px&#8221; text_line_height=&#8221;2em&#8221; link_font=&#8221;||||||||&#8221; ul_font=&#8221;||||||||&#8221; ol_font=&#8221;||||||||&#8221; quote_font=&#8221;||||||||&#8221; header_font=&#8221;||||||||&#8221; header_2_font=&#8221;||||||||&#8221; header_5_font=&#8221;|700|||||||&#8221; header_5_text_color=&#8221;#000000&#8243; header_5_font_size=&#8221;20px&#8221; header_5_line_height=&#8221;2em&#8221; custom_margin=&#8221;||1px|||&#8221; custom_padding=&#8221;12px||0px|||&#8221;]<\/p>\n<h5>&#8220;Il mercato della droga sa affrontare le frontiere chiuse. Se dall&#8217;America Latina arriva la frutta, arriva anche la cocaina&#8221;.<\/h5>\n<p>[\/et_pb_text][\/et_pb_column][\/et_pb_row][et_pb_row _builder_version=&#8221;4.7.7&#8243; _module_preset=&#8221;default&#8221;][et_pb_column type=&#8221;4_4&#8243; _builder_version=&#8221;4.7.7&#8243; _module_preset=&#8221;default&#8221;][et_pb_text _builder_version=&#8221;4.7.7&#8243; text_font=&#8221;Noto Sans||||||||&#8221; text_font_size=&#8221;17px&#8221; text_line_height=&#8221;2em&#8221; link_font=&#8221;||||||||&#8221; ul_font=&#8221;||||||||&#8221; ol_font=&#8221;||||||||&#8221; quote_font=&#8221;||||||||&#8221; header_font=&#8221;||||||||&#8221; header_2_font=&#8221;||||||||&#8221; header_5_font=&#8221;Noto Sans|700|||||||&#8221; header_5_text_color=&#8221;#ff6b5a&#8221; header_5_font_size=&#8221;20px&#8221; header_5_line_height=&#8221;2em&#8221; custom_padding=&#8221;1px|||||&#8221;]<\/p>\n<p>Cos\u00ec afferma Dami\u00e1n Zaitch, professore dell\u2019Universit\u00e0 di Utrecht, impegnato da vent\u2019anni nell\u2019osservazione del traffico transatlantico di droghe. <br \/>Che la cocaina sia una piaga mondiale radicata a fondo nelle nostre societ\u00e0 non \u00e8 un segreto per nessuno ormai, ma che questo commercio possa esser cresciuto cos\u00ec esponenzialmente senza intoppi n\u00e9 rallentamenti nel 2020, a me un po\u2019 fa rabbrividire.<\/p>\n<p>[\/et_pb_text][\/et_pb_column][\/et_pb_row][\/et_pb_section][et_pb_section fb_built=&#8221;1&#8243; specialty=&#8221;on&#8221; _builder_version=&#8221;4.7.7&#8243; _module_preset=&#8221;default&#8221; custom_padding=&#8221;3px||1px|||&#8221;][et_pb_column type=&#8221;1_2&#8243; _builder_version=&#8221;3.25&#8243; custom_padding=&#8221;|||&#8221; custom_padding__hover=&#8221;|||&#8221;][et_pb_image src=&#8221;https:\/\/www.compagniaditurismoecultura.it\/blog\/wp-content\/uploads\/2021\/01\/cocaina-rossa.jpg&#8221; title_text=&#8221;cocaina rossa&#8221; _builder_version=&#8221;4.7.7&#8243; _module_preset=&#8221;default&#8221;][\/et_pb_image][\/et_pb_column][et_pb_column type=&#8221;1_2&#8243; specialty_columns=&#8221;2&#8243; _builder_version=&#8221;3.25&#8243; custom_padding=&#8221;|||&#8221; custom_padding__hover=&#8221;|||&#8221;][et_pb_row_inner _builder_version=&#8221;4.7.7&#8243; _module_preset=&#8221;default&#8221; custom_padding=&#8221;||2px|||&#8221;][et_pb_column_inner saved_specialty_column_type=&#8221;1_2&#8243; _builder_version=&#8221;4.7.7&#8243; _module_preset=&#8221;default&#8221;][et_pb_text _builder_version=&#8221;4.7.7&#8243; _module_preset=&#8221;default&#8221; header_2_font=&#8221;|700|on||||||&#8221; header_2_font_size=&#8221;19px&#8221; header_2_line_height=&#8221;1.2em&#8221; custom_padding=&#8221;4px||0px|||&#8221; header_2_font_size_tablet=&#8221;&#8221; header_2_font_size_phone=&#8221;18px&#8221; header_2_font_size_last_edited=&#8221;on|phone&#8221;]<\/p>\n<h2><\/h2>\n<h2>Cartelli frammentati e narcotraffico dislocato.<\/h2>\n<p>[\/et_pb_text][\/et_pb_column_inner][\/et_pb_row_inner][et_pb_row_inner _builder_version=&#8221;4.7.7&#8243; _module_preset=&#8221;default&#8221; custom_margin=&#8221;-3px|||||&#8221;][et_pb_column_inner saved_specialty_column_type=&#8221;1_2&#8243; _builder_version=&#8221;4.7.7&#8243; _module_preset=&#8221;default&#8221;][et_pb_text _builder_version=&#8221;4.7.7&#8243; _module_preset=&#8221;default&#8221; text_font=&#8221;||on||||||&#8221; custom_margin=&#8221;-5px|||||&#8221;]<\/p>\n<p>Fino agli anni Novanta i grandi cartelli della droga, come quello di Pablo Escobar in Colombia, gestivano l\u2019intero processo, dalla coltivazione alla distribuzione. Negli ultimi vent\u2019anni invece il settore del narcotraffico ha intrapreso una dislocazione delle mansioni, creando delle vere e proprie catene che agiscono oggi in totale autonomia.<\/p>\n<p>[\/et_pb_text][\/et_pb_column_inner][\/et_pb_row_inner][\/et_pb_column][\/et_pb_section][et_pb_section fb_built=&#8221;1&#8243; admin_label=&#8221;Useful Travel Trips&#8221; _builder_version=&#8221;3.22&#8243; custom_padding=&#8221;5px|0px|5px|0px|true|false&#8221;][et_pb_row _builder_version=&#8221;3.25&#8243; custom_padding=&#8221;0px|||||&#8221;][et_pb_column type=&#8221;4_4&#8243; _builder_version=&#8221;3.25&#8243; custom_padding=&#8221;|||&#8221; custom_padding__hover=&#8221;|||&#8221;][et_pb_text _builder_version=&#8221;4.7.7&#8243; text_font=&#8221;Noto Sans||on||||||&#8221; text_font_size=&#8221;17px&#8221; text_line_height=&#8221;2em&#8221; header_font=&#8221;||||||||&#8221; header_2_font_size=&#8221;20px&#8221; max_width=&#8221;800px&#8221; max_width_tablet=&#8221;&#8221; max_width_phone=&#8221;&#8221; max_width_last_edited=&#8221;on|phone&#8221; module_alignment=&#8221;center&#8221; custom_padding=&#8221;|||&#8221;]<\/p>\n<p>Contadini, trasportatori, doganieri, piloti, subacquei, poliziotti e venditori al dettaglio lavorano a comparti stagni, permettendo alla cocaina di attraversare l\u2019Oceano per arrivare in Europa, il principale continente consumatore. Questo ha fatto s\u00ec che in Sudamerica il settore agricolo e quello del narcotraffico si siano fusi in un solo ed unico modello imprenditoriale. <br \/>Per soddisfare la sempre pi\u00f9 grande domanda globale, i paesi produttori hanno quindi raddoppiato nell\u2019ultimo decennio i terreni destinati alla coltivazione della coca (a discapito di altre colture) e, contestualmente, migliorato drasticamente la qualit\u00e0 della stessa, impiegando nuove tecniche di potatura, concimazione e migliorando i controlli su erbe infestanti e malattie, spesso con pesticidi tossici.<\/p>\n<p>[\/et_pb_text][\/et_pb_column][\/et_pb_row][\/et_pb_section][et_pb_section fb_built=&#8221;1&#8243; specialty=&#8221;on&#8221; _builder_version=&#8221;4.7.7&#8243; _module_preset=&#8221;default&#8221; custom_padding=&#8221;3px||1px|||&#8221;][et_pb_column type=&#8221;1_2&#8243; _builder_version=&#8221;3.25&#8243; custom_padding=&#8221;|||&#8221; custom_padding__hover=&#8221;|||&#8221;][et_pb_image src=&#8221;https:\/\/www.compagniaditurismoecultura.it\/blog\/wp-content\/uploads\/2021\/01\/Cocaina.jpg&#8221; title_text=&#8221;Cocaina&#8221; _builder_version=&#8221;4.7.7&#8243; _module_preset=&#8221;default&#8221;][\/et_pb_image][\/et_pb_column][et_pb_column type=&#8221;1_2&#8243; specialty_columns=&#8221;2&#8243; _builder_version=&#8221;3.25&#8243; custom_padding=&#8221;|||&#8221; custom_padding__hover=&#8221;|||&#8221;][et_pb_row_inner _builder_version=&#8221;4.7.7&#8243; _module_preset=&#8221;default&#8221; custom_padding=&#8221;||2px|||&#8221;][et_pb_column_inner saved_specialty_column_type=&#8221;1_2&#8243; _builder_version=&#8221;4.7.7&#8243; _module_preset=&#8221;default&#8221;][et_pb_text _builder_version=&#8221;4.7.7&#8243; _module_preset=&#8221;default&#8221; header_2_font=&#8221;|700|on||||||&#8221; header_2_font_size=&#8221;19px&#8221; header_2_line_height=&#8221;1.2em&#8221; custom_padding=&#8221;4px||0px|||&#8221; header_2_font_size_tablet=&#8221;&#8221; header_2_font_size_phone=&#8221;18px&#8221; header_2_font_size_last_edited=&#8221;on|phone&#8221;]<\/p>\n<h2><\/h2>\n<h2>Polvere bianca transoceanica<\/h2>\n<p>[\/et_pb_text][\/et_pb_column_inner][\/et_pb_row_inner][et_pb_row_inner _builder_version=&#8221;4.7.7&#8243; _module_preset=&#8221;default&#8221; custom_margin=&#8221;-3px|||||&#8221;][et_pb_column_inner saved_specialty_column_type=&#8221;1_2&#8243; _builder_version=&#8221;4.7.7&#8243; _module_preset=&#8221;default&#8221;][et_pb_text _builder_version=&#8221;4.7.7&#8243; _module_preset=&#8221;default&#8221; text_font=&#8221;||on||||||&#8221; custom_margin=&#8221;-5px|||||&#8221;]<\/p>\n<p>I mari di tutto il mondo vengono solcati ogni anno da circa cinquecento milioni di container diretti in paesi consumatori.\u00a0<\/p>\n<p>La cocaina viaggia indisturbata da un porto all\u2019altro, da un container ad un altro, insieme a soia, riso, carne, lana e vini, e solo il 2% dei mezzi \u00e8 soggetto a ispezione, garantendo ai restanti carichi l\u2019arrivo a destinazione.<\/p>\n<p>&nbsp;<\/p>\n<p>[\/et_pb_text][\/et_pb_column_inner][\/et_pb_row_inner][\/et_pb_column][\/et_pb_section][et_pb_section fb_built=&#8221;1&#8243; admin_label=&#8221;Useful Travel Trips&#8221; _builder_version=&#8221;3.22&#8243; custom_padding=&#8221;5px|0px|5px|0px|true|false&#8221;][et_pb_row _builder_version=&#8221;3.25&#8243; custom_padding=&#8221;0px|||||&#8221;][et_pb_column type=&#8221;4_4&#8243; _builder_version=&#8221;3.25&#8243; custom_padding=&#8221;|||&#8221; custom_padding__hover=&#8221;|||&#8221;][et_pb_text _builder_version=&#8221;4.7.7&#8243; text_font=&#8221;Noto Sans||on||||||&#8221; text_font_size=&#8221;17px&#8221; text_line_height=&#8221;2em&#8221; header_font=&#8221;||||||||&#8221; header_2_font_size=&#8221;20px&#8221; max_width=&#8221;800px&#8221; max_width_tablet=&#8221;&#8221; max_width_phone=&#8221;&#8221; max_width_last_edited=&#8221;on|phone&#8221; module_alignment=&#8221;center&#8221; custom_padding=&#8221;|||&#8221;]<\/p>\n<p>Nel 2020, la pandemia e la conseguente chiusura delle frontiere, non hanno fermato il narcotraffico e, anzi, il crollo della produzione e delle vendite a inizio marzo non hanno fatto altro che garantire ai maggiori produttori prezzi stracciati sull\u2019acquisto della merce e un conseguente aumento di introiti alla fine del lockdown.<\/p>\n<p>[\/et_pb_text][\/et_pb_column][\/et_pb_row][\/et_pb_section][et_pb_section fb_built=&#8221;1&#8243; specialty=&#8221;on&#8221; _builder_version=&#8221;4.7.7&#8243; _module_preset=&#8221;default&#8221; custom_padding=&#8221;3px||1px|||&#8221;][et_pb_column type=&#8221;1_2&#8243; _builder_version=&#8221;3.25&#8243; custom_padding=&#8221;|||&#8221; custom_padding__hover=&#8221;|||&#8221;][et_pb_image src=&#8221;https:\/\/www.compagniaditurismoecultura.it\/blog\/wp-content\/uploads\/2021\/01\/Produzione-in-aumento.jpg&#8221; title_text=&#8221;Produzione in aumento&#8221; _builder_version=&#8221;4.7.7&#8243; _module_preset=&#8221;default&#8221;][\/et_pb_image][\/et_pb_column][et_pb_column type=&#8221;1_2&#8243; specialty_columns=&#8221;2&#8243; _builder_version=&#8221;3.25&#8243; custom_padding=&#8221;|||&#8221; custom_padding__hover=&#8221;|||&#8221;][et_pb_row_inner _builder_version=&#8221;4.7.7&#8243; _module_preset=&#8221;default&#8221; custom_padding=&#8221;||2px|||&#8221;][et_pb_column_inner saved_specialty_column_type=&#8221;1_2&#8243; _builder_version=&#8221;4.7.7&#8243; _module_preset=&#8221;default&#8221;][et_pb_text _builder_version=&#8221;4.7.7&#8243; _module_preset=&#8221;default&#8221; header_2_font=&#8221;|700|on||||||&#8221; header_2_font_size=&#8221;19px&#8221; header_2_line_height=&#8221;1.2em&#8221; custom_padding=&#8221;4px||0px|||&#8221; header_2_font_size_tablet=&#8221;&#8221; header_2_font_size_phone=&#8221;18px&#8221; header_2_font_size_last_edited=&#8221;on|phone&#8221;]<\/p>\n<h2>Produzione in aumento<span style=\"font-size: 16px;\">.<\/span><\/h2>\n<p>[\/et_pb_text][\/et_pb_column_inner][\/et_pb_row_inner][et_pb_row_inner _builder_version=&#8221;4.7.7&#8243; _module_preset=&#8221;default&#8221; custom_margin=&#8221;-3px|||||&#8221;][et_pb_column_inner saved_specialty_column_type=&#8221;1_2&#8243; _builder_version=&#8221;4.7.7&#8243; _module_preset=&#8221;default&#8221;][et_pb_text _builder_version=&#8221;4.7.7&#8243; _module_preset=&#8221;default&#8221; text_font=&#8221;||on||||||&#8221; custom_margin=&#8221;-5px|||||&#8221;]<\/p>\n<p>Nel 2014 la vendita al dettaglio all\u2019interno dell\u2019Unione Europea si avvicinava alle 91 tonnellate. Tre anni dopo, nel 2017, ha raggiunto le 119 tonnellate.<br \/>Nel 2018 \u00e8 stato battuto ogni precedente record di sequestri: 110 mila in un anno.<br \/>Nel 2019 un nuovo record: 9,1 miliardi di euro consumati in cocaina<\/p>\n<p>[\/et_pb_text][\/et_pb_column_inner][\/et_pb_row_inner][\/et_pb_column][\/et_pb_section][et_pb_section fb_built=&#8221;1&#8243; admin_label=&#8221;Useful Travel Trips&#8221; _builder_version=&#8221;3.22&#8243; custom_padding=&#8221;5px|0px|5px|0px|true|false&#8221;][et_pb_row _builder_version=&#8221;3.25&#8243; custom_padding=&#8221;0px|||||&#8221;][et_pb_column type=&#8221;4_4&#8243; _builder_version=&#8221;3.25&#8243; custom_padding=&#8221;|||&#8221; custom_padding__hover=&#8221;|||&#8221;][et_pb_text _builder_version=&#8221;4.7.7&#8243; text_font=&#8221;Noto Sans||on||||||&#8221; text_font_size=&#8221;17px&#8221; text_line_height=&#8221;2em&#8221; header_font=&#8221;||||||||&#8221; header_2_font_size=&#8221;20px&#8221; max_width=&#8221;800px&#8221; max_width_tablet=&#8221;&#8221; max_width_phone=&#8221;&#8221; max_width_last_edited=&#8221;on|phone&#8221; module_alignment=&#8221;center&#8221; custom_padding=&#8221;|||&#8221;]<\/p>\n<p>Si parla di un aumento del 70% dei consumi nell\u2019ultimo decennio, in 78 tra le pi\u00f9 grandi citt\u00e0 europee.<\/p>\n<p>Secondo l\u2019Osservatorio Europeo delle droghe e delle tossicodipendenze, infatti, quasi 18 milioni di europei tra i 15 e i 64 anni hanno consumato cocaina almeno una volta nella vita.<\/p>\n<p>[\/et_pb_text][\/et_pb_column][\/et_pb_row][\/et_pb_section][et_pb_section fb_built=&#8221;1&#8243; admin_label=&#8221;Useful Travel Trips&#8221; _builder_version=&#8221;3.22&#8243; custom_padding=&#8221;5px|0px|5px|0px|true|false&#8221;][et_pb_row _builder_version=&#8221;3.25&#8243; custom_padding=&#8221;0px|||||&#8221;][et_pb_column type=&#8221;4_4&#8243; _builder_version=&#8221;3.25&#8243; custom_padding=&#8221;|||&#8221; custom_padding__hover=&#8221;|||&#8221;][et_pb_text _builder_version=&#8221;4.7.7&#8243; text_font=&#8221;Noto Sans||on||||||&#8221; text_font_size=&#8221;17px&#8221; text_line_height=&#8221;2em&#8221; header_font=&#8221;||||||||&#8221; header_2_font_size=&#8221;20px&#8221; max_width=&#8221;800px&#8221; max_width_tablet=&#8221;&#8221; max_width_phone=&#8221;&#8221; max_width_last_edited=&#8221;on|phone&#8221; module_alignment=&#8221;center&#8221; custom_padding=&#8221;|||&#8221;]<\/p>\n<p>Se gli anni \u201980 sono stati definiti quelli dell\u2019eroina, mentiremmo se non parlassimo dell\u2019ultimo ventennio come l\u2019epoca della cocaina. Che faccia piacere o meno ammetterlo viviamo in una societ\u00e0 tossica e malata. Giovani, adulti, anziani. Interi settori sono invasi da questa maledetta polvere bianca; ambienti nei quali mai si sospetterebbe di trovarla. Eppure. \u00a0<br \/>Io di anni ne ho 27 e sono orgogliosa di potermi schierare dalla parte di chi la cocaina non l\u2019ha mai nemmeno voluta capire. L\u2019ho sempre tenuta volontariamente a distanza. La paura mi ha salvata!<\/p>\n<p>[\/et_pb_text][\/et_pb_column][\/et_pb_row][\/et_pb_section]<\/p>\n","protected":false},"excerpt":{"rendered":"<p>Ispirato a \u201cLa cocaina universale\u201d, Internazionale n. 1391, 8 Gennaio 2021.&#8221;Il mercato della droga sa affrontare le frontiere chiuse. Se dall&#8217;America Latina arriva la frutta, arriva anche la cocaina&#8221;.Cos\u00ec afferma Dami\u00e1n Zaitch, professore dell\u2019Universit\u00e0 di Utrecht, impegnato da vent\u2019anni nell\u2019osservazione del traffico transatlantico di droghe. Che la cocaina sia una piaga mondiale radicata a fondo [&hellip;]<\/p>\n","protected":false},"author":3,"featured_media":0,"comment_status":"open","ping_status":"open","sticky":false,"template":"","format":"standard","meta":{"_et_pb_use_builder":"on","_et_pb_old_content":"","_et_gb_content_width":""},"categories":[1],"tags":[],"_links":{"self":[{"href":"https:\/\/www.compagniaditurismoecultura.it\/blog\/wp-json\/wp\/v2\/posts\/1221"}],"collection":[{"href":"https:\/\/www.compagniaditurismoecultura.it\/blog\/wp-json\/wp\/v2\/posts"}],"about":[{"href":"https:\/\/www.compagniaditurismoecultura.it\/blog\/wp-json\/wp\/v2\/types\/post"}],"author":[{"embeddable":true,"href":"https:\/\/www.compagniaditurismoecultura.it\/blog\/wp-json\/wp\/v2\/users\/3"}],"replies":[{"embeddable":true,"href":"https:\/\/www.compagniaditurismoecultura.it\/blog\/wp-json\/wp\/v2\/comments?post=1221"}],"version-history":[{"count":14,"href":"https:\/\/www.compagniaditurismoecultura.it\/blog\/wp-json\/wp\/v2\/posts\/1221\/revisions"}],"predecessor-version":[{"id":2397,"href":"https:\/\/www.compagniaditurismoecultura.it\/blog\/wp-json\/wp\/v2\/posts\/1221\/revisions\/2397"}],"wp:attachment":[{"href":"https:\/\/www.compagniaditurismoecultura.it\/blog\/wp-json\/wp\/v2\/media?parent=1221"}],"wp:term":[{"taxonomy":"category","embeddable":true,"href":"https:\/\/www.compagniaditurismoecultura.it\/blog\/wp-json\/wp\/v2\/categories?post=1221"},{"taxonomy":"post_tag","embeddable":true,"href":"https:\/\/www.compagniaditurismoecultura.it\/blog\/wp-json\/wp\/v2\/tags?post=1221"}],"curies":[{"name":"wp","href":"https:\/\/api.w.org\/{rel}","templated":true}]}}