{"id":112,"date":"2020-11-04T12:47:06","date_gmt":"2020-11-04T12:47:06","guid":{"rendered":"https:\/\/www.compagniaditurismoecultura.it\/blog\/?p=112"},"modified":"2020-12-09T14:02:31","modified_gmt":"2020-12-09T14:02:31","slug":"viaggio-in-sudafrica","status":"publish","type":"post","link":"https:\/\/www.compagniaditurismoecultura.it\/blog\/viaggio-in-sudafrica\/","title":{"rendered":"Sudafrica"},"content":{"rendered":"<p>[et_pb_section fb_built=&#8221;1&#8243; admin_label=&#8221;Tour CTA &#038; Information Section&#8221; _builder_version=&#8221;3.22&#8243; custom_padding=&#8221;4px|0px|2px|0px|false|false&#8221;][et_pb_row column_structure=&#8221;3_5,2_5&#8243; admin_label=&#8221;Tour CTA &#038; Information Row&#8221; _builder_version=&#8221;3.25&#8243; custom_padding=&#8221;||3px|||&#8221;][et_pb_column type=&#8221;3_5&#8243; _builder_version=&#8221;3.25&#8243; custom_padding=&#8221;|||&#8221; custom_padding__hover=&#8221;|||&#8221;][et_pb_cta title=&#8221;Sudafrica&#8221; button_url=&#8221;#TOP&#8221; _builder_version=&#8221;4.6.6&#8243; header_level=&#8221;h1&#8243; header_font=&#8221;Noto Serif|700|||||||&#8221; header_font_size=&#8221;44px&#8221; header_line_height=&#8221;1.5em&#8221; body_font=&#8221;Noto Sans||||||||&#8221; body_text_align=&#8221;right&#8221; body_font_size=&#8221;17px&#8221; body_line_height=&#8221;2em&#8221; use_background_color=&#8221;off&#8221; custom_button=&#8221;on&#8221; button_text_size=&#8221;17px&#8221; button_text_color=&#8221;#ffffff&#8221; button_bg_color=&#8221;#ff6b5a&#8221; button_border_width=&#8221;10px&#8221; button_border_color=&#8221;#ff6b5a&#8221; button_border_radius=&#8221;100px&#8221; button_font=&#8221;Noto Sans|700||on|||||&#8221; button_use_icon=&#8221;off&#8221; button_alignment=&#8221;right&#8221; text_orientation=&#8221;right&#8221; background_layout=&#8221;light&#8221; max_width=&#8221;480px&#8221; max_width_tablet=&#8221;&#8221; max_width_phone=&#8221;&#8221; max_width_last_edited=&#8221;on|tablet&#8221; module_alignment=&#8221;left&#8221; header_font_size_tablet=&#8221;&#8221; header_font_size_phone=&#8221;34px&#8221; header_font_size_last_edited=&#8221;on|phone&#8221; button_text_color_hover=&#8221;#ffffff&#8221; button_border_color_hover=&#8221;#ff9e59&#8243; button_bg_color_hover=&#8221;#ff9e59&#8243; button_text_size__hover_enabled=&#8221;off&#8221; button_one_text_size__hover_enabled=&#8221;off&#8221; button_two_text_size__hover_enabled=&#8221;off&#8221; button_text_color__hover_enabled=&#8221;on&#8221; button_text_color__hover=&#8221;#ffffff&#8221; button_one_text_color__hover_enabled=&#8221;off&#8221; button_two_text_color__hover_enabled=&#8221;off&#8221; button_border_width__hover_enabled=&#8221;off&#8221; button_one_border_width__hover_enabled=&#8221;off&#8221; button_two_border_width__hover_enabled=&#8221;off&#8221; button_border_color__hover_enabled=&#8221;on&#8221; button_border_color__hover=&#8221;#ff9e59&#8243; button_one_border_color__hover_enabled=&#8221;off&#8221; button_two_border_color__hover_enabled=&#8221;off&#8221; button_border_radius__hover_enabled=&#8221;off&#8221; button_one_border_radius__hover_enabled=&#8221;off&#8221; button_two_border_radius__hover_enabled=&#8221;off&#8221; button_letter_spacing__hover_enabled=&#8221;off&#8221; button_one_letter_spacing__hover_enabled=&#8221;off&#8221; button_two_letter_spacing__hover_enabled=&#8221;off&#8221; button_bg_color__hover_enabled=&#8221;on&#8221; button_bg_color__hover=&#8221;#ff9e59&#8243; button_one_bg_color__hover_enabled=&#8221;off&#8221; button_two_bg_color__hover_enabled=&#8221;off&#8221;][\/et_pb_cta][\/et_pb_column][et_pb_column type=&#8221;2_5&#8243; _builder_version=&#8221;3.25&#8243; custom_padding=&#8221;|||&#8221; custom_padding__hover=&#8221;|||&#8221;][et_pb_post_title title=&#8221;off&#8221; date_format=&#8221;d M Y&#8221; _builder_version=&#8221;4.6.6&#8243; _module_preset=&#8221;default&#8221;][\/et_pb_post_title][et_pb_text _builder_version=&#8221;4.6.6&#8243; _module_preset=&#8221;default&#8221;][\/et_pb_text][\/et_pb_column][\/et_pb_row][\/et_pb_section][et_pb_section fb_built=&#8221;1&#8243; fullwidth=&#8221;on&#8221; _builder_version=&#8221;4.6.6&#8243; _module_preset=&#8221;default&#8221;][et_pb_fullwidth_image src=&#8221;https:\/\/www.compagniaditurismoecultura.it\/blog\/wp-content\/uploads\/2020\/10\/Sudafrica-Mandela-Citta-del-Capo-Cape-Town.jpg&#8221; alt=&#8221;Sudafrica Mandela Citt\u00e0 del Capo Cape Town&#8221; title_text=&#8221;Sudafrica Mandela Citt\u00e0 del Capo Cape Town&#8221; _builder_version=&#8221;4.6.6&#8243; _module_preset=&#8221;default&#8221;][\/et_pb_fullwidth_image][\/et_pb_section][et_pb_section fb_built=&#8221;1&#8243; admin_label=&#8221;Useful Travel Trips&#8221; _builder_version=&#8221;3.22&#8243; custom_padding=&#8221;0px|0px|0px|0px|true|false&#8221;][et_pb_row _builder_version=&#8221;3.25&#8243; custom_padding=&#8221;1px|||||&#8221;][et_pb_column type=&#8221;4_4&#8243; _builder_version=&#8221;3.25&#8243; custom_padding=&#8221;|||&#8221; custom_padding__hover=&#8221;|||&#8221;][et_pb_text _builder_version=&#8221;4.6.6&#8243; text_font=&#8221;Noto Sans||on||||||&#8221; text_font_size=&#8221;17px&#8221; text_line_height=&#8221;2em&#8221; header_font=&#8221;||||||||&#8221; header_3_font=&#8221;|800|||||||&#8221; max_width=&#8221;800px&#8221; max_width_tablet=&#8221;&#8221; max_width_phone=&#8221;&#8221; max_width_last_edited=&#8221;on|phone&#8221; module_alignment=&#8221;center&#8221; custom_padding=&#8221;50px||0px|||&#8221;]<\/p>\n<h3>Il mio primo volo vero. Il mio viaggio in Sudafrica.<\/h3>\n<p>L\u2019hostess mi controlla la carta d\u2019imbarco e, sorridendomi, fa segno di proseguire. Alzo lo sguardo e mi rendo conto di essere, per la prima volta, su un aereo vero. Di quelli che si vedono nei film americani: tre corsie, dieci posti per ogni fila, spazzolino, coperta, cuffiette e schermino privato sullo schienale del sedile di fronte al mio.<br \/> Sono agitata. Mi tremano le gambe. Il gruppo cerca il mio sguardo. Le mie gambe tremano di pi\u00f9.<br \/> Decolliamo. Paesaggi sconfinati sotto di noi. Sempre pi\u00f9 piccoli, sempre pi\u00f9 lontani. Provo a chiudere gli occhi per riposare e quando li riapro, osservando la mappa del tragitto, mi rendo conto che siamo gi\u00e0 oltre la met\u00e0 del Continente. Li richiudo ma, questa volta, al mio risveglio stiamo atterrando.<br \/> Sudafrica: questa volta ci siamo davvero!<\/p>\n<h3>Caff\u00e8 Lavazza e Citt\u00e0 del Capo. Il mio viaggio in Sudafrica comincia cos\u00ec.<\/h3>\n<p>Ecco Olivia, la nostra guida, ad accoglierci. Italiana e davvero molto simpatica. Mi ha chiesto di portale dall\u2019Italia del caff\u00e8 Lavazza e della Tachipirina in compresse da 1000. Le porgo la mano e faccio un sospiro di sollievo!<br \/> Lungo il tragitto in bus mi scorrono affianco distese sconfinate di baracche abitate da neri che, uno dopo l\u2019altro, ammassati e stanchi, salgono a bordo di pulmini bianchi che li trasporteranno in citt\u00e0. Un\u2019immagina straziante e inaspettata. E poi, l\u2019istante dopo, mi volto ed ecco Citt\u00e0 del Capo. Incredibilmente spaziosa e colorata. Gruppetti di giovani neri provano passi di balli da strada accanto a famiglie di bianchi in abiti eleganti che spingono un passeggino. La prima percezione \u00e8 quella di una convivenza pacifica che per\u00f2 cela una soglia sottilissima di tolleranza. Come se da un momento all\u2019altro potesse capitare ogni cosa.<\/p>\n<h3>Robben Island, Mandela e diritti umani.<\/h3>\n<p>In un batter d\u2019occhio \u00e8 gi\u00e0 la volta di Robben Island. Mandela trascorse qui 18 anni della sua prigionia e l\u2019idea di posare i miei piedi dove anni fa un premio Nobel per la Pace fu fatto prigioniero per salvare il suo popolo, beh.. mi fa salire un brivido lungo tutta la schiena. Sono davvero eccitata all\u2019idea.<br \/> A farci da guida questa volta c\u2019\u00e8 Frank, un ex prigioniero che visse accanto a Nelson durante la reclusione. I suoi racconti mi commuovono. L\u2019aria \u00e8 imbevuta del desiderio di salvare i propri diritti di uomo, della convinzione che \u201c\u00e8 possibile\u201d, della perseveranza, del coraggio, della ribellione.<br \/> Gli occhi di Frank brillano. I miei di pi\u00f9.<br \/> Sono state ore intense, addolcite dalla convinzione che ce l\u2019hanno fatta, che le vite sacrificate per abolire le discriminazioni razziali inflitte sulla loro gente hanno scritto la storia di un popolo oggi libero!<\/p>\n<h3>Il Sudafrica in un&#8217;immagine.<\/h3>\n<p>Dopo qualche ora di viaggio il bus accosta in un autogrill a lato della strada per far gasolio. Intorno a noi decine di banchi di frutta, verdure e spezie. Incuriositi di avviciniamo ed il mio sguardo si incrocia immediatamente con il suo. Non so quanti anni ha e nemmeno qual \u00e8 il suo nome, ma \u00e8 incredibilmente bella. I suoi occhi mi incantano. Mi fissa per qualche istante e poi mi sorride. Nonostante l\u2019evidente disagio nel quale trascorre giorno dopo giorno la sua vita, lei mi sorride.<br \/> Credo questa sia l\u2019immagine che segner\u00e0 il mio intero viaggio.<br \/> Poco dopo il tramonto eccoci a destinazione: Regione del Mpumalanga, \u201cl\u00ec dove sorge il sole\u201d.<br \/> La serata passa veloce tra umidit\u00e0 e danze tribali. Il fal\u00f2 e i suoni della natura mi rilassano e per qualche ora dimentico i suoi occhi.<\/p>\n<h3>La fine di un&#8217;era, la fine di un sogno.<\/h3>\n<p>La mattina seguente, non appena metto piede in sala colazioni, percepisco un\u2019atmosfera strana, pesante. Gli sguardi delle cameriere e di Olivia sono tristi e persi nel nulla, assenti. Alzo gli occhi per cercare lo schermo della TV e immediatamente capisco: Mandela non c\u2019\u00e8 pi\u00f9, \u00e8 mancato nella notte.<br \/> Da qui alla fine del nostro viaggio l\u2019atmosfera del Sudafrica sar\u00e0 diversa. Le citt\u00e0 sembreranno meno colorate e i volti della gente trasmetteranno solo un immenso dolore. Tutto il paese \u00e8 in lutto!<br \/> Noi per\u00f2 dobbiamo proseguire, il nostro viaggio deve continuare. Ci lasciamo alle spalle i grandi grattacieli di Cape Town e l\u2019umidit\u00e0 della foresta del Mpumalanga per immergerci nella natura sconfinata di Kapama, una piccola riserva privata accanto al Parco Kruger.<\/p>\n<h3>I &#8220;Big five&#8221;.<\/h3>\n<p>Dopo il check in e le istruzioni del personale, saliamo a bordo delle jeep per il nostro primo safari, accompagnati dal ranger e dalla vedetta. E cos\u00ec ci inoltriamo nella natura selvaggia, alla ricerca di leoni, leopardi, zebre e giraffe. Un\u2019esperienza mozzafiato.<br \/> Intorno alle ore 19.00, ormai stanchi e demotivati per non aver incontrato nemmeno uno dei famosi \u201cBig Five\u201d, stiamo per rientrare al nostro lodge. Ma d\u2019un tratto il nostro ranger pare agitato. Eccitato forse. Ci fa segno di non far rumori n\u00e9 gesti azzardati. Mi volto e accanto alla jeep sbuca lui, il re indiscusso, accompagnato dalla sua leonessa. Insieme possono tranquillamente pesare come cinque umani di corporatura media. Li seguiamo insieme ad altre jeep in una piana. Ormai \u00e8 buio e le luci delle auto seguono lentamente i due animali. Loro si fermano, si distendono e, a nemmeno due metri da noi, si lasciano osservare in tutta la loro maestosit\u00e0 e immortalare dagli obbiettivi delle nostre fotocamere. Il mio cuore batte all\u2019impazzata: non riesco a crederci. Mi ritrovo terrorizzata ma incredula per ci\u00f2 che mi sta accadendo davanti agli occhi. Tutto ci\u00f2 che ho visto fino a questo momento non ha pi\u00f9 importanza. La natura ha spazzato via tutto. E io sono infinitamente grata.<\/p>\n<h3>Un viaggio in Sudafrica, un&#8217;emozione.<\/h3>\n<p>Eccoci al termine del nostro incredibile viaggio in Sudafrica. Sto per dire addio a Mandela, alle baracche, ai profumi ed ai rumori di una natura immensa. Al suo viso.<br \/> Al suo viso che in quel solo sorriso mi ha spiegato che cos\u2019\u00e8 il Sudafrica.<br \/> Il Sudafrica \u00e8 quella bambina meravigliosa. \u00c8 il suo sguardo basso e intimidito, terrorizzato forse dalla cattiveria degli uomini ma pronto a sorridere a quella gente sconosciuta. Nella speranza che qualcuno in quegli occhi ci veda non soltanto sporcizia e disagio, ma un desiderio di rinascita e, perch\u00e9 no, ricambi il suo sorriso, sincero e amico.<\/p>\n<p>[\/et_pb_text][\/et_pb_column][\/et_pb_row][\/et_pb_section]<\/p>\n","protected":false},"excerpt":{"rendered":"<p>Il mio primo volo vero. Il mio viaggio in Sudafrica. L\u2019hostess mi controlla la carta d\u2019imbarco e, sorridendomi, fa segno di proseguire. Alzo lo sguardo e mi rendo conto di essere, per la prima volta, su un aereo vero. Di quelli che si vedono nei film americani: tre corsie, dieci posti per ogni fila, spazzolino, [&hellip;]<\/p>\n","protected":false},"author":3,"featured_media":301,"comment_status":"open","ping_status":"open","sticky":false,"template":"","format":"standard","meta":{"_et_pb_use_builder":"on","_et_pb_old_content":"","_et_gb_content_width":""},"categories":[3],"tags":[],"_links":{"self":[{"href":"https:\/\/www.compagniaditurismoecultura.it\/blog\/wp-json\/wp\/v2\/posts\/112"}],"collection":[{"href":"https:\/\/www.compagniaditurismoecultura.it\/blog\/wp-json\/wp\/v2\/posts"}],"about":[{"href":"https:\/\/www.compagniaditurismoecultura.it\/blog\/wp-json\/wp\/v2\/types\/post"}],"author":[{"embeddable":true,"href":"https:\/\/www.compagniaditurismoecultura.it\/blog\/wp-json\/wp\/v2\/users\/3"}],"replies":[{"embeddable":true,"href":"https:\/\/www.compagniaditurismoecultura.it\/blog\/wp-json\/wp\/v2\/comments?post=112"}],"version-history":[{"count":12,"href":"https:\/\/www.compagniaditurismoecultura.it\/blog\/wp-json\/wp\/v2\/posts\/112\/revisions"}],"predecessor-version":[{"id":560,"href":"https:\/\/www.compagniaditurismoecultura.it\/blog\/wp-json\/wp\/v2\/posts\/112\/revisions\/560"}],"wp:featuredmedia":[{"embeddable":true,"href":"https:\/\/www.compagniaditurismoecultura.it\/blog\/wp-json\/wp\/v2\/media\/301"}],"wp:attachment":[{"href":"https:\/\/www.compagniaditurismoecultura.it\/blog\/wp-json\/wp\/v2\/media?parent=112"}],"wp:term":[{"taxonomy":"category","embeddable":true,"href":"https:\/\/www.compagniaditurismoecultura.it\/blog\/wp-json\/wp\/v2\/categories?post=112"},{"taxonomy":"post_tag","embeddable":true,"href":"https:\/\/www.compagniaditurismoecultura.it\/blog\/wp-json\/wp\/v2\/tags?post=112"}],"curies":[{"name":"wp","href":"https:\/\/api.w.org\/{rel}","templated":true}]}}